{"id":15682,"date":"2025-04-07T23:35:03","date_gmt":"2025-04-08T02:35:03","guid":{"rendered":"https:\/\/enlamira.info\/?p=15682"},"modified":"2025-04-07T23:35:03","modified_gmt":"2025-04-08T02:35:03","slug":"con-paso-convocan-a-elecciones-en-la-provincia-para-el-13-de-julio","status":"publish","type":"post","link":"https:\/\/enlamira.info\/index.php\/2025\/04\/07\/con-paso-convocan-a-elecciones-en-la-provincia-para-el-13-de-julio\/","title":{"rendered":"Con PASO, convocan a elecciones en la provincia para el 13 de julio"},"content":{"rendered":"\n<p>A la espera de lo que suceda en Legislatura, la Junta Electoral de la provincia de Buenos Aires confirm\u00f3 este lunes el calendario electoral que el gobernador Axel Kicillof hab\u00eda convocado por decreto. Sin embargo, todo parece indicar que habr\u00e1 modificaciones esta semana cuando se lleven a cabo las sesiones tanto en Diputados como en el Senado.<\/p>\n\n\n\n<p>En medio de las definiciones en la provincia de Buenos Aires, se espera que se resuelva en la Legislatura si se suspenden las PASO bonaerenses y si las elecciones se desdoblan o concurrentes. Pese a que el gobierno provincial no quiere que se realicen las primarias, actualmente se encuentran vigentes.<\/p>\n\n\n\n<p>Desde la Junto Electoral bonaerense definieron el d\u00eda de votaci\u00f3n, ser\u00e1 el 13 de julio, dentro de tres meses. Para esa fecha ya tendr\u00edan que definirse los precandidatos (si los hay) y los espacios pol\u00edticos debido a las internas ya conocidas. Cabe recordar que si se suspenden las PASO, los candidatos ser\u00e1n definitivos por cada partido.<\/p>\n\n\n\n<p>De esta manera se presenta el calendario electoral: para el 24 de abril se deber\u00e1 realizar la entrega de fichas de afiliaci\u00f3n y listados de afiliados, el 4 de mayo es el vencimiento del plazo para la presentaci\u00f3n de agrupaciones y partidos pol\u00edticos. El 14 de mayo, 2 meses previos a la elecci\u00f3n, vence la presentaci\u00f3n de alianzas. Luego, el 19 de mayo deber\u00e1 presentarse la junta electoral partidaria de cada candidato.<\/p>\n\n\n\n<p>M\u00e1s tarde, el 24 de mayo, 50 d\u00edas antes de los comicios, vence el plazo para presentar las listas y las adhesiones. All\u00ed habr\u00e1 un periodo de cinco d\u00edas para confirmaci\u00f3n y observaci\u00f3n de las listas de precandidatos en caso de irregularidades.<\/p>\n\n\n\n<p>A partir del 31 de mayo todas las listas ya oficializadas de los precandidatos se presentar\u00e1n ante la Junta Electoral. Aunque hay una pr\u00f3rroga que finaliza el 4 de junio para las listas que no llegaron a tiempo y avisaron el \u00faltimo d\u00eda de mayo.<\/p>\n\n\n\n<p>Adem\u00e1s, el 13 de junio, un mes previo a la votaci\u00f3n, comenzar\u00e1 la campa\u00f1a electoral. Tambi\u00e9n se mostrar\u00e1n las boletas oficiales que estar\u00e1n en cada mesa que se votar\u00e1 en la provincia de Buenos Aires.<\/p>\n\n\n\n<p>Y finalmente, el 13 de julio se realizar\u00e1n las elecciones primarias, abiertas, obligatorias y simult\u00e1neas (EPAOS) bonaerenses. Posteriormente, 48 horas despu\u00e9s del comicio comenzar\u00e1 el escrutinio provisorio para definir a los ganadores. Aunque todo esto podr\u00eda moficarse por lo que suceda esta semana en la Legislatura.<\/p>\n","protected":false},"excerpt":{"rendered":"<p>A la espera de lo que suceda en Legislatura, la Junta Electoral de la provincia de Buenos Aires confirm\u00f3 este lunes el calendario electoral que el gobernador Axel Kicillof hab\u00eda convocado por decreto. Sin embargo, todo parece indicar que habr\u00e1 modificaciones esta semana cuando se lleven a cabo las sesiones tanto en Diputados como en [&hellip;]<\/p>\n","protected":false},"author":2,"featured_media":15685,"comment_status":"open","ping_status":"open","sticky":false,"template":"","format":"standard","meta":{"footnotes":""},"categories":[1,20,5],"tags":[1292,1293],"_links":{"self":[{"href":"https:\/\/enlamira.info\/index.php\/wp-json\/wp\/v2\/posts\/15682"}],"collection":[{"href":"https:\/\/enlamira.info\/index.php\/wp-json\/wp\/v2\/posts"}],"about":[{"href":"https:\/\/enlamira.info\/index.php\/wp-json\/wp\/v2\/types\/post"}],"author":[{"embeddable":true,"href":"https:\/\/enlamira.info\/index.php\/wp-json\/wp\/v2\/users\/2"}],"replies":[{"embeddable":true,"href":"https:\/\/enlamira.info\/index.php\/wp-json\/wp\/v2\/comments?post=15682"}],"version-history":[{"count":1,"href":"https:\/\/enlamira.info\/index.php\/wp-json\/wp\/v2\/posts\/15682\/revisions"}],"predecessor-version":[{"id":15686,"href":"https:\/\/enlamira.info\/index.php\/wp-json\/wp\/v2\/posts\/15682\/revisions\/15686"}],"wp:featuredmedia":[{"embeddable":true,"href":"https:\/\/enlamira.info\/index.php\/wp-json\/wp\/v2\/media\/15685"}],"wp:attachment":[{"href":"https:\/\/enlamira.info\/index.php\/wp-json\/wp\/v2\/media?parent=15682"}],"wp:term":[{"taxonomy":"category","embeddable":true,"href":"https:\/\/enlamira.info\/index.php\/wp-json\/wp\/v2\/categories?post=15682"},{"taxonomy":"post_tag","embeddable":true,"href":"https:\/\/enlamira.info\/index.php\/wp-json\/wp\/v2\/tags?post=15682"}],"curies":[{"name":"wp","href":"https:\/\/api.w.org\/{rel}","templated":true}]}}