{"id":15459,"date":"2025-04-01T07:10:00","date_gmt":"2025-04-01T10:10:00","guid":{"rendered":"https:\/\/enlamira.info\/?p=15459"},"modified":"2025-03-30T21:19:31","modified_gmt":"2025-03-31T00:19:31","slug":"vecinos-y-jubilados-evitaron-el-cierre-de-una-oficina-del-pami-en-bernal-oeste","status":"publish","type":"post","link":"https:\/\/enlamira.info\/index.php\/2025\/04\/01\/vecinos-y-jubilados-evitaron-el-cierre-de-una-oficina-del-pami-en-bernal-oeste\/","title":{"rendered":"Vecinos y jubilados evitaron el cierre de una oficina del PAMI en Bernal Oeste"},"content":{"rendered":"\n<p>Tras varias jornadas de reclamo y luego de un masivo \u00ababrazo solidario\u00bb en protesta contra el cierre de la UGL del PAMI del barrio IAPI, en Bernal Oeste, vecinos y vecinas del distrito celebraron el regreso de la atenci\u00f3n diaria en la oficina del organismo que recibe alrededor de 150 jubilados promedio por semana. \u00abVamos a continuar en alerta, en vigilia porque este es un espacio propio de todos los jubilados y jubiladas del barrio\u00ab, advirtieron.<\/p>\n\n\n\n<p>El encargado del Centro de Integraci\u00f3n Comunitaria (CIC) donde funciona la oficia del PAMI, Esteban Leiva, destac\u00f3 que gracias a la organizaci\u00f3n de los vecinos, y en especial de los jubilados, se logr\u00f3 dar marcha atr\u00e1s con la reducci\u00f3n de la atenci\u00f3n y el posible cierre de las instalaciones, que fueron inauguradas por la intendenta municipal, Mayra Mendoza, en 2022.<\/p>\n\n\n\n<p>\u00abLamentablemente este tipo de Gobiernos, como el de La Libertad Avanza, siempre pegan por ese lado, hoy son los jubilados. Por suerte, nos encontramos con mucha energ\u00eda por parte de los vecinos y las vecinas en sostener un espacio que lo sienten como propio, y eso fue lo que permiti\u00f3 organizar las asambleas e implementar un plan de lucha que hizo cambiar esa decisi\u00f3n\u00bb, sostuvo.<\/p>\n\n\n\n<p>La UGL del PAMI tiene su asiento en el Centro de Integraci\u00f3n Comunitaria (CIC) que funciona en el barrio IAPI, Bernal Oeste, lugar en donde adem\u00e1s tambi\u00e9n se encuentra un centro de salud, una oficina del RENAPER y de Desarrollo Social, con una asistencia semanal promedio a cerca de 5 mil vecinos y vecinas del distrito.<\/p>\n\n\n\n<p>Respecto a los motivos que conllevaron a una reducci\u00f3n en la atenci\u00f3n y llevaron a especular con la posibilidad de un cierre de la oficina barrial, Leiva cuestion\u00f3 la falta de respuestas por parte de las autoridades del PAMI distrital hacia los vecinos. \u00abNo nos dieron ninguna respuesta ni explicaci\u00f3n las autoridades de PAMI. El problema que ellos ten\u00edan es con la oficina en s\u00ed, no quer\u00edan que contin\u00fae abierta la oficina descentralizada en nuestro barrio\u00bb, indic\u00f3.<\/p>\n\n\n\n<p>Asimismo, luego de que desde la administraci\u00f3n libertaria se efectivizara el cambio del Director Ejecutivo de la Unidad de Gesti\u00f3n Local XXXVII, que abarca los distritos de Quilmes, Florencio Varela y Berazategui, (el tercero en menos de dos a\u00f1os), el encargado del Centro de Integraci\u00f3n Comunitaria, del barrio IAPI&nbsp; manifest\u00f3 su cautela respecto a la modificaci\u00f3n.<\/p>\n\n\n\n<p>\u00abNo sabemos qui\u00e9n es. Nos pasa a diario que los funcionarios o los cargos que ocupa La Libertad Avanza no son del territorio, no lo conocen y a veces ni siquiera son del distrito. Celebramos la primer decisi\u00f3n que fue volver a los cinco d\u00edas de atenci\u00f3n en la oficina del barrio, que nos parece que era lo correcto, que nunca tendr\u00eda que haberse modificado de ah\u00ed\u00bb, plante\u00f3.<\/p>\n\n\n\n<p>En ese sentido, Leiva remarc\u00f3 la importancia de sostener abierta la oficina que atiende alrededor de 150 jubilados y jubiladas de manera semanal en el barrio IAPI. \u00abPara ir a la oficina central, nosotros necesitamos tomar dos colectivos, en un contexto en donde el gobierno nacional decide aumentar el boleto, sacar a los jubilados todos los remedios, poner un tr\u00e1mite m\u00e1s para hacer y encima de eso quiere sacarle la posibilidad de la atenci\u00f3n dentro de su propio barrio. Esto es una locura por donde lo mires, no hay forma de entenderlo\u00bb, plante\u00f3.<\/p>\n\n\n\n<p>Por su parte, el concejal de Uni\u00f3n por la Patria en Quilmes Ezequiel Arauz, quien se hizo eco del reclamo de los vecinos y particip\u00f3 del abrazo solidario a la oficina realizado semanas atr\u00e1s, celebr\u00f3 la normalizaci\u00f3n de la atenci\u00f3n a los jubilados en la UGL del barrio IAPI. \u00abLa motosierra de Milei y La Libertad Avanza no pudo contra un barrio que fiel a su historia, se organiz\u00f3 y defendi\u00f3 lo suyo\u00ab, expres\u00f3.<\/p>\n","protected":false},"excerpt":{"rendered":"<p>Tras varias jornadas de reclamo y luego de un masivo \u00ababrazo solidario\u00bb en protesta contra el cierre de la UGL del PAMI del barrio IAPI, en Bernal Oeste, vecinos y vecinas del distrito celebraron el regreso de la atenci\u00f3n diaria en la oficina del organismo que recibe alrededor de 150 jubilados promedio por semana. \u00abVamos [&hellip;]<\/p>\n","protected":false},"author":2,"featured_media":15468,"comment_status":"open","ping_status":"open","sticky":false,"template":"","format":"standard","meta":{"footnotes":""},"categories":[1,20],"tags":[1224],"_links":{"self":[{"href":"https:\/\/enlamira.info\/index.php\/wp-json\/wp\/v2\/posts\/15459"}],"collection":[{"href":"https:\/\/enlamira.info\/index.php\/wp-json\/wp\/v2\/posts"}],"about":[{"href":"https:\/\/enlamira.info\/index.php\/wp-json\/wp\/v2\/types\/post"}],"author":[{"embeddable":true,"href":"https:\/\/enlamira.info\/index.php\/wp-json\/wp\/v2\/users\/2"}],"replies":[{"embeddable":true,"href":"https:\/\/enlamira.info\/index.php\/wp-json\/wp\/v2\/comments?post=15459"}],"version-history":[{"count":1,"href":"https:\/\/enlamira.info\/index.php\/wp-json\/wp\/v2\/posts\/15459\/revisions"}],"predecessor-version":[{"id":15469,"href":"https:\/\/enlamira.info\/index.php\/wp-json\/wp\/v2\/posts\/15459\/revisions\/15469"}],"wp:featuredmedia":[{"embeddable":true,"href":"https:\/\/enlamira.info\/index.php\/wp-json\/wp\/v2\/media\/15468"}],"wp:attachment":[{"href":"https:\/\/enlamira.info\/index.php\/wp-json\/wp\/v2\/media?parent=15459"}],"wp:term":[{"taxonomy":"category","embeddable":true,"href":"https:\/\/enlamira.info\/index.php\/wp-json\/wp\/v2\/categories?post=15459"},{"taxonomy":"post_tag","embeddable":true,"href":"https:\/\/enlamira.info\/index.php\/wp-json\/wp\/v2\/tags?post=15459"}],"curies":[{"name":"wp","href":"https:\/\/api.w.org\/{rel}","templated":true}]}}