{"id":15437,"date":"2025-03-31T07:28:00","date_gmt":"2025-03-31T10:28:00","guid":{"rendered":"https:\/\/enlamira.info\/?p=15437"},"modified":"2025-03-30T10:33:45","modified_gmt":"2025-03-30T13:33:45","slug":"atleta-de-avellaneda-rompio-el-record-argentino-en-lanzamiento-de-martillo","status":"publish","type":"post","link":"https:\/\/enlamira.info\/index.php\/2025\/03\/31\/atleta-de-avellaneda-rompio-el-record-argentino-en-lanzamiento-de-martillo\/","title":{"rendered":"Atleta de Avellaneda rompi\u00f3 el r\u00e9cord argentino en lanzamiento de martillo"},"content":{"rendered":"\n<p>En el Cenard, el atleta de Avellaneda alcanz\u00f3 una marca de 76.69 metros, superando el registro de 76.42 m que Juan Ignacio Cerra hab\u00eda logrado en 2001 en Trieste, Italia.<\/p>\n\n\n\n<p>Joaqu\u00edn G\u00f3mez hizo historia en el atletismo argentino al establecer un nuevo r\u00e9cord nacional en lanzamiento de martillo. En el Cenard, el atleta de Avellaneda alcanz\u00f3 una marca de 76.69 metros, superando el registro de 76.42 m que Juan Ignacio Cerra hab\u00eda logrado en 2001 en Trieste, Italia.<\/p>\n\n\n\n<p>Representante de la Escuela Municipal de Avellaneda, G\u00f3mez mostr\u00f3 una evoluci\u00f3n constante a lo largo de la competencia y consigui\u00f3 la marca en su \u00faltimo intento, consolid\u00e1ndose como una de las figuras m\u00e1s destacadas del atletismo argentino y reafirmando sus aspiraciones internacionales.<\/p>\n\n\n\n<p>La evoluci\u00f3n del r\u00e9cord en Argentina:<\/p>\n\n\n\n<p>1921: Jorge Llobet Cullen \u2013 36.34 m<\/p>\n\n\n\n<p>1964: Jos\u00e9 Vallejo \u2013 59.21 m<\/p>\n\n\n\n<p>1987: Andr\u00e9s Charad\u00eda \u2013 71.34 m<\/p>\n\n\n\n<p>2001: Juan Ignacio Cerra \u2013 76.42 m<\/p>\n\n\n\n<p>2025: Joaqu\u00edn G\u00f3mez \u2013 76.69 m (Nuevo r\u00e9cord)<\/p>\n\n\n\n<p>A sus 28 a\u00f1os, G\u00f3mez acumula una destacada trayectoria con m\u00faltiples t\u00edtulos nacionales e internacionales. Entre sus logros sobresalen: siete t\u00edtulos consecutivos de Campe\u00f3n Argentino Absoluto (2018-2024), el oro en los Juegos Odesur 2018 y un quinto puesto en los Juegos Panamericanos de Lima 2019. Adem\u00e1s, en los Juegos Ol\u00edmpicos de Par\u00eds 2024, alcanz\u00f3 los 72.10 m en la etapa clasificatoria.<\/p>\n\n\n\n<p>Este r\u00e9cord reafirma su vigencia y lo proyecta con fuerza hacia futuras competencias internacionales.<\/p>\n","protected":false},"excerpt":{"rendered":"<p>En el Cenard, el atleta de Avellaneda alcanz\u00f3 una marca de 76.69 metros, superando el registro de 76.42 m que Juan Ignacio Cerra hab\u00eda logrado en 2001 en Trieste, Italia. Joaqu\u00edn G\u00f3mez hizo historia en el atletismo argentino al establecer un nuevo r\u00e9cord nacional en lanzamiento de martillo. En el Cenard, el atleta de Avellaneda [&hellip;]<\/p>\n","protected":false},"author":2,"featured_media":15444,"comment_status":"open","ping_status":"open","sticky":false,"template":"","format":"standard","meta":{"footnotes":""},"categories":[1,14],"tags":[1217],"_links":{"self":[{"href":"https:\/\/enlamira.info\/index.php\/wp-json\/wp\/v2\/posts\/15437"}],"collection":[{"href":"https:\/\/enlamira.info\/index.php\/wp-json\/wp\/v2\/posts"}],"about":[{"href":"https:\/\/enlamira.info\/index.php\/wp-json\/wp\/v2\/types\/post"}],"author":[{"embeddable":true,"href":"https:\/\/enlamira.info\/index.php\/wp-json\/wp\/v2\/users\/2"}],"replies":[{"embeddable":true,"href":"https:\/\/enlamira.info\/index.php\/wp-json\/wp\/v2\/comments?post=15437"}],"version-history":[{"count":1,"href":"https:\/\/enlamira.info\/index.php\/wp-json\/wp\/v2\/posts\/15437\/revisions"}],"predecessor-version":[{"id":15445,"href":"https:\/\/enlamira.info\/index.php\/wp-json\/wp\/v2\/posts\/15437\/revisions\/15445"}],"wp:featuredmedia":[{"embeddable":true,"href":"https:\/\/enlamira.info\/index.php\/wp-json\/wp\/v2\/media\/15444"}],"wp:attachment":[{"href":"https:\/\/enlamira.info\/index.php\/wp-json\/wp\/v2\/media?parent=15437"}],"wp:term":[{"taxonomy":"category","embeddable":true,"href":"https:\/\/enlamira.info\/index.php\/wp-json\/wp\/v2\/categories?post=15437"},{"taxonomy":"post_tag","embeddable":true,"href":"https:\/\/enlamira.info\/index.php\/wp-json\/wp\/v2\/tags?post=15437"}],"curies":[{"name":"wp","href":"https:\/\/api.w.org\/{rel}","templated":true}]}}