{"id":15400,"date":"2025-03-29T12:57:34","date_gmt":"2025-03-29T15:57:34","guid":{"rendered":"https:\/\/enlamira.info\/?p=15400"},"modified":"2025-03-29T12:57:34","modified_gmt":"2025-03-29T15:57:34","slug":"santiago-pirolo-en-avellaneda-el-desguace-de-acumar-es-un-retroceso-del-estado","status":"publish","type":"post","link":"https:\/\/enlamira.info\/index.php\/2025\/03\/29\/santiago-pirolo-en-avellaneda-el-desguace-de-acumar-es-un-retroceso-del-estado\/","title":{"rendered":"Santiago Pirolo en Avellaneda: \u201cEl desguace de ACUMAR es un retroceso del Estado\u201d"},"content":{"rendered":"\n<p>El concejal de Uni\u00f3n por la Patria en Avellaneda cuestion\u00f3 los despidos en ACUMAR y advirti\u00f3 sobre el impacto ambiental y social de la medida.<\/p>\n\n\n\n<p>En la \u00faltima sesi\u00f3n del Honorable Concejo Deliberante de Avellaneda, el bloque de Uni\u00f3n por la Patria present\u00f3 y aprob\u00f3 un Proyecto de Resoluci\u00f3n en repudio a los despidos ocurridos en la Autoridad de Cuenca Matanza-Riachuelo (ACUMAR). Seg\u00fan expresaron los concejales, esta medida afecta directamente el saneamiento de una de las cuencas m\u00e1s contaminadas del pa\u00eds y representa un retroceso en las pol\u00edticas ambientales del Estado.<\/p>\n\n\n\n<p>En ese sentido, el concejal Santiago Pirolo sostuvo que estos despidos son parte de un \u201cdesguace del organismo\u201d y una muestra del \u201cdesinter\u00e9s y la desidia\u201d por parte del Gobierno en materia ambiental. \u201cNo se puede permitir que se desmantele un organismo clave para la recuperaci\u00f3n de la Cuenca Matanza-Riachuelo, que afecta la salud y la calidad de vida de miles de personas\u201d, se\u00f1al\u00f3.<\/p>\n\n\n\n<p>A la sesi\u00f3n asisti\u00f3 Beatriz Mendoza, impulsora de la causa judicial que oblig\u00f3 al Estado a intervenir en la contaminaci\u00f3n de la Cuenca. Tambi\u00e9n estuvieron presentes algunos de los trabajadores despedidos, quienes denunciaron haber sido desvinculados de manera injustificada tras a\u00f1os de trabajo en tareas de mantenimiento y control ambiental.<\/p>\n\n\n\n<p>Por \u00faltimo, los concejales exigieron la reincorporaci\u00f3n de los empleados y la continuidad de las acciones de saneamiento. \u201cEl Estado debe garantizar la continuidad de las pol\u00edticas ambientales y el cuidado de la salud de la poblaci\u00f3n\u201d, concluy\u00f3 Pirolo.<\/p>\n","protected":false},"excerpt":{"rendered":"<p>El concejal de Uni\u00f3n por la Patria en Avellaneda cuestion\u00f3 los despidos en ACUMAR y advirti\u00f3 sobre el impacto ambiental y social de la medida. En la \u00faltima sesi\u00f3n del Honorable Concejo Deliberante de Avellaneda, el bloque de Uni\u00f3n por la Patria present\u00f3 y aprob\u00f3 un Proyecto de Resoluci\u00f3n en repudio a los despidos ocurridos [&hellip;]<\/p>\n","protected":false},"author":2,"featured_media":15407,"comment_status":"open","ping_status":"open","sticky":false,"template":"","format":"standard","meta":{"footnotes":""},"categories":[1,23],"tags":[1208,1207],"_links":{"self":[{"href":"https:\/\/enlamira.info\/index.php\/wp-json\/wp\/v2\/posts\/15400"}],"collection":[{"href":"https:\/\/enlamira.info\/index.php\/wp-json\/wp\/v2\/posts"}],"about":[{"href":"https:\/\/enlamira.info\/index.php\/wp-json\/wp\/v2\/types\/post"}],"author":[{"embeddable":true,"href":"https:\/\/enlamira.info\/index.php\/wp-json\/wp\/v2\/users\/2"}],"replies":[{"embeddable":true,"href":"https:\/\/enlamira.info\/index.php\/wp-json\/wp\/v2\/comments?post=15400"}],"version-history":[{"count":1,"href":"https:\/\/enlamira.info\/index.php\/wp-json\/wp\/v2\/posts\/15400\/revisions"}],"predecessor-version":[{"id":15408,"href":"https:\/\/enlamira.info\/index.php\/wp-json\/wp\/v2\/posts\/15400\/revisions\/15408"}],"wp:featuredmedia":[{"embeddable":true,"href":"https:\/\/enlamira.info\/index.php\/wp-json\/wp\/v2\/media\/15407"}],"wp:attachment":[{"href":"https:\/\/enlamira.info\/index.php\/wp-json\/wp\/v2\/media?parent=15400"}],"wp:term":[{"taxonomy":"category","embeddable":true,"href":"https:\/\/enlamira.info\/index.php\/wp-json\/wp\/v2\/categories?post=15400"},{"taxonomy":"post_tag","embeddable":true,"href":"https:\/\/enlamira.info\/index.php\/wp-json\/wp\/v2\/tags?post=15400"}],"curies":[{"name":"wp","href":"https:\/\/api.w.org\/{rel}","templated":true}]}}