{"id":15389,"date":"2025-03-28T23:02:11","date_gmt":"2025-03-29T02:02:11","guid":{"rendered":"https:\/\/enlamira.info\/?p=15389"},"modified":"2025-03-28T23:02:11","modified_gmt":"2025-03-29T02:02:11","slug":"olvido-y-abandono-en-villa-inflamable-el-barrio-que-el-municipio-no-ve-y-el-agua-no-perdona","status":"publish","type":"post","link":"https:\/\/enlamira.info\/index.php\/2025\/03\/28\/olvido-y-abandono-en-villa-inflamable-el-barrio-que-el-municipio-no-ve-y-el-agua-no-perdona\/","title":{"rendered":"\u201cOlvido y abandono en Villa Inflamable: el barrio que el Municipio no ve y el agua no perdona\u201d"},"content":{"rendered":"\n<p>Mientras las calles del Pasaje G\u00e9nova, en el coraz\u00f3n de Villa Inflamable, se llenaban de agua y barro tras las lluvias, vecinos alzaron la voz desesperados ante una nueva muestra de abandono municipal. \u201cBuenas tardes, en G\u00e9nova se est\u00e1 inundando. Nos avisaron que vino el municipio con palas mec\u00e1nicas, rompieron una ca\u00f1er\u00eda de agua y lo dejaron as\u00ed,\u201d relat\u00f3 una vecina a Multimedio En La Mira, evidenciando el caos y la desatenci\u00f3n.<\/p>\n\n\n\n<figure class=\"wp-block-embed is-type-video is-provider-youtube wp-block-embed-youtube wp-embed-aspect-16-9 wp-has-aspect-ratio\"><div class=\"wp-block-embed__wrapper\">\n<iframe loading=\"lazy\" title=\"VILLA INFLAMABLE: BARRIO OLVIDADO EN AVELLANEDA\" width=\"640\" height=\"360\" src=\"https:\/\/www.youtube.com\/embed\/2JVdpkJ72Xs?feature=oembed\" frameborder=\"0\" allow=\"accelerometer; autoplay; clipboard-write; encrypted-media; gyroscope; picture-in-picture; web-share\" referrerpolicy=\"strict-origin-when-cross-origin\" allowfullscreen><\/iframe>\n<\/div><\/figure>\n\n\n\n<p>El barrio, carente de cloacas, desag\u00fces y asfaltado, enfrenta una precariedad hist\u00f3rica que parece no encontrar soluci\u00f3n. En palabras de Cristian B., otro vecino del lugar, la situaci\u00f3n va m\u00e1s all\u00e1 del olvido: \u201cAc\u00e1 hay vecinos de primera y de segunda seg\u00fan seas del intendente o no. Nos discriminan porque no somos militantes del intendente Ferraresi.\u201d Esta denuncia apunta directamente a una brecha entre comunidades seg\u00fan su afinidad pol\u00edtica.<\/p>\n\n\n\n<p>\u201cCada vez que llueve se inunda toda la casa. A m\u00ed me tom\u00f3 siete d\u00edas sacar el agua. Perd\u00ed muebles, y todo sigue igual. La ca\u00f1er\u00eda rota, el lodo, los chicos que van al colegio y se resbalan. No se puede ni salir,\u201d explic\u00f3 otra vecina, describiendo c\u00f3mo las lluvias no solo arrasan con viviendas, sino con la dignidad de sus habitantes.<\/p>\n\n\n\n<figure class=\"wp-block-embed is-type-video is-provider-youtube wp-block-embed-youtube wp-embed-aspect-16-9 wp-has-aspect-ratio\"><div class=\"wp-block-embed__wrapper\">\n<iframe loading=\"lazy\" title=\"\u201cOlvido y abandono en Villa Inflamable : el barrio que el Municipio no ve y el agua no perdona\u201d\" width=\"640\" height=\"360\" src=\"https:\/\/www.youtube.com\/embed\/lpS7XrcteEI?feature=oembed\" frameborder=\"0\" allow=\"accelerometer; autoplay; clipboard-write; encrypted-media; gyroscope; picture-in-picture; web-share\" referrerpolicy=\"strict-origin-when-cross-origin\" allowfullscreen><\/iframe>\n<\/div><\/figure>\n\n\n\n<p>Entre aguas estancadas y gestos insuficientes del municipio, el Pasaje G\u00e9nova contin\u00faa siendo el ejemplo doloroso de una desigualdad que cala hondo. Los vecinos, invisibles para el gobierno local, siguen esperando una intervenci\u00f3n que no solo repare los da\u00f1os, sino que brinde un trato digno y equitativo.<\/p>\n","protected":false},"excerpt":{"rendered":"<p>Mientras las calles del Pasaje G\u00e9nova, en el coraz\u00f3n de Villa Inflamable, se llenaban de agua y barro tras las lluvias, vecinos alzaron la voz desesperados ante una nueva muestra de abandono municipal. \u201cBuenas tardes, en G\u00e9nova se est\u00e1 inundando. Nos avisaron que vino el municipio con palas mec\u00e1nicas, rompieron una ca\u00f1er\u00eda de agua y [&hellip;]<\/p>\n","protected":false},"author":2,"featured_media":15390,"comment_status":"open","ping_status":"open","sticky":false,"template":"","format":"standard","meta":{"footnotes":""},"categories":[1,34],"tags":[1199,163,161,416],"_links":{"self":[{"href":"https:\/\/enlamira.info\/index.php\/wp-json\/wp\/v2\/posts\/15389"}],"collection":[{"href":"https:\/\/enlamira.info\/index.php\/wp-json\/wp\/v2\/posts"}],"about":[{"href":"https:\/\/enlamira.info\/index.php\/wp-json\/wp\/v2\/types\/post"}],"author":[{"embeddable":true,"href":"https:\/\/enlamira.info\/index.php\/wp-json\/wp\/v2\/users\/2"}],"replies":[{"embeddable":true,"href":"https:\/\/enlamira.info\/index.php\/wp-json\/wp\/v2\/comments?post=15389"}],"version-history":[{"count":1,"href":"https:\/\/enlamira.info\/index.php\/wp-json\/wp\/v2\/posts\/15389\/revisions"}],"predecessor-version":[{"id":15391,"href":"https:\/\/enlamira.info\/index.php\/wp-json\/wp\/v2\/posts\/15389\/revisions\/15391"}],"wp:featuredmedia":[{"embeddable":true,"href":"https:\/\/enlamira.info\/index.php\/wp-json\/wp\/v2\/media\/15390"}],"wp:attachment":[{"href":"https:\/\/enlamira.info\/index.php\/wp-json\/wp\/v2\/media?parent=15389"}],"wp:term":[{"taxonomy":"category","embeddable":true,"href":"https:\/\/enlamira.info\/index.php\/wp-json\/wp\/v2\/categories?post=15389"},{"taxonomy":"post_tag","embeddable":true,"href":"https:\/\/enlamira.info\/index.php\/wp-json\/wp\/v2\/tags?post=15389"}],"curies":[{"name":"wp","href":"https:\/\/api.w.org\/{rel}","templated":true}]}}