{"id":15378,"date":"2025-03-28T22:15:39","date_gmt":"2025-03-29T01:15:39","guid":{"rendered":"https:\/\/enlamira.info\/?p=15378"},"modified":"2025-03-28T22:15:39","modified_gmt":"2025-03-29T01:15:39","slug":"con-amplia-mayoria-la-ucr-extiende-la-vigencia-de-sus-autoridades-provinciales","status":"publish","type":"post","link":"https:\/\/enlamira.info\/index.php\/2025\/03\/28\/con-amplia-mayoria-la-ucr-extiende-la-vigencia-de-sus-autoridades-provinciales\/","title":{"rendered":"Con amplia mayor\u00eda, la UCR extiende la vigencia de sus autoridades Provinciales"},"content":{"rendered":"\n<p>El Plenario de la Uni\u00f3n C\u00edvica Radical (UCR) resolvi\u00f3 extender el mandato de sus autoridades partidarias en la provincia de Buenos Aires hasta que se resuelvan las instancias recursivas en la justicia electoral. La decisi\u00f3n fue adoptada en el marco de una votaci\u00f3n que reflej\u00f3 un respaldo mayoritario a la propuesta oficialista.<\/p>\n\n\n\n<p>Siguiendo el precedente de 2020, cuando Daniel Salvador condujo la pr\u00f3rroga de mandatos en un contexto extraordinario, el dirigente Walter Carusso present\u00f3 hoy una moci\u00f3n en similares t\u00e9rminos. La iniciativa contempl\u00f3 la extensi\u00f3n del mandato de todas las autoridades del Comit\u00e9 provincial, as\u00ed como de los delegados a la Convenci\u00f3n Nacional y Provincial.<\/p>\n\n\n\n<p>La votaci\u00f3n reflej\u00f3 una clara mayor\u00eda a favor de la propuesta oficialista: 17 votos positivos, una abstenci\u00f3n y 7 votos en contra, lo que permiti\u00f3 alcanzar la mayor\u00eda llegando a los dos tercios. Con un total de 25 miembros presentes en el momento de la decisi\u00f3n, la pr\u00f3rroga obtuvo el respaldo requerido dentro de la estructura partidaria.<\/p>\n\n\n\n<p>Esta resoluci\u00f3n implica la continuidad de las actuales autoridades -el hoy senador Nacional Maximiliano Abad- hasta tanto la justicia electoral se expida sobre las cuestiones en curso. La medida busca garantizar la estabilidad institucional de la UCR provincial en un contexto de definiciones pol\u00edticas clave para el futuro del partido.<\/p>\n","protected":false},"excerpt":{"rendered":"<p>El Plenario de la Uni\u00f3n C\u00edvica Radical (UCR) resolvi\u00f3 extender el mandato de sus autoridades partidarias en la provincia de Buenos Aires hasta que se resuelvan las instancias recursivas en la justicia electoral. La decisi\u00f3n fue adoptada en el marco de una votaci\u00f3n que reflej\u00f3 un respaldo mayoritario a la propuesta oficialista. Siguiendo el precedente [&hellip;]<\/p>\n","protected":false},"author":2,"featured_media":15380,"comment_status":"open","ping_status":"open","sticky":false,"template":"","format":"standard","meta":{"footnotes":""},"categories":[1,20,5],"tags":[1191,1192],"_links":{"self":[{"href":"https:\/\/enlamira.info\/index.php\/wp-json\/wp\/v2\/posts\/15378"}],"collection":[{"href":"https:\/\/enlamira.info\/index.php\/wp-json\/wp\/v2\/posts"}],"about":[{"href":"https:\/\/enlamira.info\/index.php\/wp-json\/wp\/v2\/types\/post"}],"author":[{"embeddable":true,"href":"https:\/\/enlamira.info\/index.php\/wp-json\/wp\/v2\/users\/2"}],"replies":[{"embeddable":true,"href":"https:\/\/enlamira.info\/index.php\/wp-json\/wp\/v2\/comments?post=15378"}],"version-history":[{"count":1,"href":"https:\/\/enlamira.info\/index.php\/wp-json\/wp\/v2\/posts\/15378\/revisions"}],"predecessor-version":[{"id":15381,"href":"https:\/\/enlamira.info\/index.php\/wp-json\/wp\/v2\/posts\/15378\/revisions\/15381"}],"wp:featuredmedia":[{"embeddable":true,"href":"https:\/\/enlamira.info\/index.php\/wp-json\/wp\/v2\/media\/15380"}],"wp:attachment":[{"href":"https:\/\/enlamira.info\/index.php\/wp-json\/wp\/v2\/media?parent=15378"}],"wp:term":[{"taxonomy":"category","embeddable":true,"href":"https:\/\/enlamira.info\/index.php\/wp-json\/wp\/v2\/categories?post=15378"},{"taxonomy":"post_tag","embeddable":true,"href":"https:\/\/enlamira.info\/index.php\/wp-json\/wp\/v2\/tags?post=15378"}],"curies":[{"name":"wp","href":"https:\/\/api.w.org\/{rel}","templated":true}]}}