{"id":15314,"date":"2025-03-25T20:59:30","date_gmt":"2025-03-25T23:59:30","guid":{"rendered":"https:\/\/enlamira.info\/?p=15314"},"modified":"2025-03-25T20:59:30","modified_gmt":"2025-03-25T23:59:30","slug":"axel-kicillof-y-sergio-massa-llegaron-a-un-acuerdo-para-suspender-las-paso-en-la-provincia","status":"publish","type":"post","link":"https:\/\/enlamira.info\/index.php\/2025\/03\/25\/axel-kicillof-y-sergio-massa-llegaron-a-un-acuerdo-para-suspender-las-paso-en-la-provincia\/","title":{"rendered":"Axel Kicillof y Sergio Massa llegaron a un acuerdo para suspender las PASO en la Provincia"},"content":{"rendered":"\n<p>La propuesta hab\u00eda fracaso, la semana pasada, en la Legislatura debido a que los diputados de La C\u00e1mpora y del massismo se negaron a dar qu\u00f3rum.<\/p>\n\n\n\n<p>El gobernador de la provincia de Buenos Aires, Axel Kicillof, habr\u00eda logrado los votos necesarios para suspender las elecciones primarias, abiertas, simult\u00e1neas y obligatorias (PASO) en el distrito, tras un acuerdo con el l\u00edder del Frente Renovador, Sergio Massa. Este avance profundiza la tensi\u00f3n con Cristina y M\u00e1ximo Kirchner, quienes se oponen a la medida por temor a que un desdoblamiento electoral afecte las chances del peronismo a nivel nacional.<\/p>\n\n\n\n<p>El intento de anular las PASO hab\u00eda fracasado la semana pasada en la Legislatura bonaerense, cuando solo se reunieron 38 de los 47 votos necesarios para avanzar con la iniciativa. En esa ocasi\u00f3n, los legisladores de La C\u00e1mpora y del massismo se negaron a dar qu\u00f3rum, lo que evidenci\u00f3 la interna dentro del oficialismo. Sin embargo, nuevas negociaciones con Massa habr\u00edan destrabado la situaci\u00f3n, con la promesa de Kicillof de introducir cambios en el proyecto del renovador Rub\u00e9n Eslaiman.<\/p>\n\n\n\n<p>Massa, Kirchner y Kicillof se reunieron para definir la estrategia electoral<\/p>\n\n\n\n<p>Con la suspensi\u00f3n de las PASO casi asegurada, el foco del conflicto se traslada a la posible fecha de las elecciones. Mientras Kicillof impulsa un desdoblamiento para despegar la contienda provincial de la nacional, Cristina Kirchner insiste en que \u201csi van separadas las votaciones, vamos a perder\u201d. A pesar de esta postura, algunos intendentes peronistas, incluso de La C\u00e1mpora, reconocen en privado que una elecci\u00f3n local separada podr\u00eda beneficiar a los municipios.<\/p>\n\n\n\n<p>Desde el kirchnerismo duro, la senadora provincial Teresa Garc\u00eda dej\u00f3 en claro que el respaldo a la suspensi\u00f3n de las PASO depende de que Kicillof defina primero el calendario electoral. \u201cMe parece que es un condicionante resolver toda la ingenier\u00eda electoral\u201d, sostuvo. La postura de los Kirchner refleja su desconfianza hacia los jefes municipales, a quienes temen perder como aliados si no tienen incentivos para apoyar tambi\u00e9n la elecci\u00f3n de diputados nacionales de Uni\u00f3n por la Patria.<\/p>\n\n\n\n<p>Si la Legislatura finalmente aprueba la eliminaci\u00f3n de las PASO este jueves o el pr\u00f3ximo 3 de abril, el mapa pol\u00edtico bonaerense cambiar\u00e1 de manera significativa. Mientras el peronismo busca una estrategia para sostener su peso territorial, la tensi\u00f3n interna entre Kicillof y el kirchnerismo sigue escalando.<\/p>\n","protected":false},"excerpt":{"rendered":"<p>La propuesta hab\u00eda fracaso, la semana pasada, en la Legislatura debido a que los diputados de La C\u00e1mpora y del massismo se negaron a dar qu\u00f3rum. El gobernador de la provincia de Buenos Aires, Axel Kicillof, habr\u00eda logrado los votos necesarios para suspender las elecciones primarias, abiertas, simult\u00e1neas y obligatorias (PASO) en el distrito, tras [&hellip;]<\/p>\n","protected":false},"author":2,"featured_media":15323,"comment_status":"open","ping_status":"open","sticky":false,"template":"","format":"standard","meta":{"footnotes":""},"categories":[1,20,5],"tags":[1171],"_links":{"self":[{"href":"https:\/\/enlamira.info\/index.php\/wp-json\/wp\/v2\/posts\/15314"}],"collection":[{"href":"https:\/\/enlamira.info\/index.php\/wp-json\/wp\/v2\/posts"}],"about":[{"href":"https:\/\/enlamira.info\/index.php\/wp-json\/wp\/v2\/types\/post"}],"author":[{"embeddable":true,"href":"https:\/\/enlamira.info\/index.php\/wp-json\/wp\/v2\/users\/2"}],"replies":[{"embeddable":true,"href":"https:\/\/enlamira.info\/index.php\/wp-json\/wp\/v2\/comments?post=15314"}],"version-history":[{"count":1,"href":"https:\/\/enlamira.info\/index.php\/wp-json\/wp\/v2\/posts\/15314\/revisions"}],"predecessor-version":[{"id":15324,"href":"https:\/\/enlamira.info\/index.php\/wp-json\/wp\/v2\/posts\/15314\/revisions\/15324"}],"wp:featuredmedia":[{"embeddable":true,"href":"https:\/\/enlamira.info\/index.php\/wp-json\/wp\/v2\/media\/15323"}],"wp:attachment":[{"href":"https:\/\/enlamira.info\/index.php\/wp-json\/wp\/v2\/media?parent=15314"}],"wp:term":[{"taxonomy":"category","embeddable":true,"href":"https:\/\/enlamira.info\/index.php\/wp-json\/wp\/v2\/categories?post=15314"},{"taxonomy":"post_tag","embeddable":true,"href":"https:\/\/enlamira.info\/index.php\/wp-json\/wp\/v2\/tags?post=15314"}],"curies":[{"name":"wp","href":"https:\/\/api.w.org\/{rel}","templated":true}]}}