{"id":15267,"date":"2025-03-24T08:57:33","date_gmt":"2025-03-24T11:57:33","guid":{"rendered":"https:\/\/enlamira.info\/?p=15267"},"modified":"2025-03-24T08:57:33","modified_gmt":"2025-03-24T11:57:33","slug":"nestor-grindetti-analizo-el-clasico-de-avellaneda","status":"publish","type":"post","link":"https:\/\/enlamira.info\/index.php\/2025\/03\/24\/nestor-grindetti-analizo-el-clasico-de-avellaneda\/","title":{"rendered":"N\u00e9stor Grindetti analiz\u00f3 el cl\u00e1sico de Avellaneda"},"content":{"rendered":"\n<p>Todos los hinchas nos quedamos con la sensaci\u00f3n que podr\u00edamos haberlo ganado. Esta vez fue N\u00e9stor Grindetti quien se pronunci\u00f3 al respecto.<\/p>\n\n\n\n<p>El Presidente de la instituci\u00f3n m\u00e1s laureada de Avellaneda dialog\u00f3 con DirecTV Sports desde Paraguay antes del sorteo de la Copa CONMEBOL Sudamericana.<\/p>\n\n\n\n<p>\u201cYo hubiese querido ganar, pero claramente hubo un tiempo para cada uno\u201c, desliz\u00f3 ante la consulta por sus sensaciones del partido.<\/p>\n\n\n\n<p>Adem\u00e1s se anim\u00f3 y puntualiz\u00f3 acerca de una jugada que pudo haber cambiado todo: \u201cMe hubiese gustado que entre la de Mat\u00edas Gim\u00e9nez\u201d.<\/p>\n\n\n\n<p>\u201cEl segundo tiempo jug\u00f3 muy bien, hubo jugadores que se destacaron. Luciano Cabral es un distinto, el t\u00e9cnico coment\u00f3 que ten\u00eda una molestia y por eso no fue titular\u201d, agreg\u00f3.<\/p>\n\n\n\n<p>Ante la pregunta por el libro de pases y los futbolistas que llegaron, el dirigente marc\u00f3: \u201cEl mercado de pases fue consensuado. Hoy tenemos la comisi\u00f3n directiva con una mesa de conducci\u00f3n que trabaja muy bien\u201d.<\/p>\n\n\n\n<p>Est\u00e1 conforme con este grupo y con este cuerpo t\u00e9cnico. Sue\u00f1a con poder conquistar alg\u00fan t\u00edtulo, pero siempre marca que debemos ser prudentes.<\/p>\n\n\n\n<p>N\u00e9stor Grindetti y el \u201cestamos mejor, pero falta mucho por recorrer\u201d<\/p>\n\n\n\n<p>El protagonista en los \u00faltimos d\u00edas tambi\u00e9n le dio una nota a Radio Splendid en la que analiz\u00f3 este momento institucional con mucha cautela.<\/p>\n\n\n\n<p>\u201cHoy se lo ve a Independiente en todos sus aspectos much\u00edsimo m\u00e1s s\u00f3lido. Estamos mejor, pero falta mucho por recorrer\u201d, coment\u00f3.<\/p>\n\n\n\n<p>Y aprovech\u00f3 para destacar el compromiso de Vaccari y sus colaboradores: \u201cVaccari es muy laburante, muy estudioso. Nos dio tranquilidad y a m\u00ed Julio me da serenidad\u201d.<\/p>\n\n\n\n<p>En cada nota advierte que hoy en club en materia econ\u00f3mica tiene menos dificultades y que falta coronar con algo en el plano deportivo.<\/p>\n\n\n\n<p>Fuente Soydelrojo<\/p>\n","protected":false},"excerpt":{"rendered":"<p>Todos los hinchas nos quedamos con la sensaci\u00f3n que podr\u00edamos haberlo ganado. Esta vez fue N\u00e9stor Grindetti quien se pronunci\u00f3 al respecto. El Presidente de la instituci\u00f3n m\u00e1s laureada de Avellaneda dialog\u00f3 con DirecTV Sports desde Paraguay antes del sorteo de la Copa CONMEBOL Sudamericana. \u201cYo hubiese querido ganar, pero claramente hubo un tiempo para [&hellip;]<\/p>\n","protected":false},"author":2,"featured_media":15278,"comment_status":"open","ping_status":"open","sticky":false,"template":"","format":"standard","meta":{"footnotes":""},"categories":[1,14,20],"tags":[1155],"_links":{"self":[{"href":"https:\/\/enlamira.info\/index.php\/wp-json\/wp\/v2\/posts\/15267"}],"collection":[{"href":"https:\/\/enlamira.info\/index.php\/wp-json\/wp\/v2\/posts"}],"about":[{"href":"https:\/\/enlamira.info\/index.php\/wp-json\/wp\/v2\/types\/post"}],"author":[{"embeddable":true,"href":"https:\/\/enlamira.info\/index.php\/wp-json\/wp\/v2\/users\/2"}],"replies":[{"embeddable":true,"href":"https:\/\/enlamira.info\/index.php\/wp-json\/wp\/v2\/comments?post=15267"}],"version-history":[{"count":1,"href":"https:\/\/enlamira.info\/index.php\/wp-json\/wp\/v2\/posts\/15267\/revisions"}],"predecessor-version":[{"id":15279,"href":"https:\/\/enlamira.info\/index.php\/wp-json\/wp\/v2\/posts\/15267\/revisions\/15279"}],"wp:featuredmedia":[{"embeddable":true,"href":"https:\/\/enlamira.info\/index.php\/wp-json\/wp\/v2\/media\/15278"}],"wp:attachment":[{"href":"https:\/\/enlamira.info\/index.php\/wp-json\/wp\/v2\/media?parent=15267"}],"wp:term":[{"taxonomy":"category","embeddable":true,"href":"https:\/\/enlamira.info\/index.php\/wp-json\/wp\/v2\/categories?post=15267"},{"taxonomy":"post_tag","embeddable":true,"href":"https:\/\/enlamira.info\/index.php\/wp-json\/wp\/v2\/tags?post=15267"}],"curies":[{"name":"wp","href":"https:\/\/api.w.org\/{rel}","templated":true}]}}