{"id":15265,"date":"2025-03-24T08:29:31","date_gmt":"2025-03-24T11:29:31","guid":{"rendered":"https:\/\/enlamira.info\/?p=15265"},"modified":"2025-03-24T08:30:08","modified_gmt":"2025-03-24T11:30:08","slug":"pereyra-se-caso-con-julia-rezzuto-en-una-emotiva-ceremonia","status":"publish","type":"post","link":"https:\/\/enlamira.info\/index.php\/2025\/03\/24\/pereyra-se-caso-con-julia-rezzuto-en-una-emotiva-ceremonia\/","title":{"rendered":"Luciano Pereyra se cas\u00f3 con Julia Rezzuto en una emotiva ceremonia"},"content":{"rendered":"\n<p>La celebraci\u00f3n intima, organizada por Claudia Villafa\u00f1e en la ciudad de Luj\u00e1n, fue un evento emotivo donde la pareja sell\u00f3 su amor y compromiso.<\/p>\n\n\n\n<p>El reconocido cantante Luciano Pereyra dio el s\u00ed junto a Julia Rezzuto en una \u00edntima boda celebrada en Luj\u00e1n. Rodeados de sus seres queridos, la pareja sell\u00f3 su amor en un evento organizado por Claudia Villafa\u00f1e.<\/p>\n\n\n\n<figure class=\"wp-block-image size-large\"><img loading=\"lazy\" decoding=\"async\" width=\"1024\" height=\"573\" src=\"https:\/\/enlamira.info\/wp-content\/uploads\/2025\/03\/luciano-pereyra-julia-rezzuto-casamiento-1-1024x573.png\" alt=\"\" class=\"wp-image-15269\" srcset=\"https:\/\/enlamira.info\/wp-content\/uploads\/2025\/03\/luciano-pereyra-julia-rezzuto-casamiento-1-1024x573.png 1024w, https:\/\/enlamira.info\/wp-content\/uploads\/2025\/03\/luciano-pereyra-julia-rezzuto-casamiento-1-300x168.png 300w, https:\/\/enlamira.info\/wp-content\/uploads\/2025\/03\/luciano-pereyra-julia-rezzuto-casamiento-1-768x429.png 768w, https:\/\/enlamira.info\/wp-content\/uploads\/2025\/03\/luciano-pereyra-julia-rezzuto-casamiento-1.png 1200w\" sizes=\"(max-width: 1024px) 100vw, 1024px\" \/><\/figure>\n\n\n\n<p>Despu\u00e9s de cinco a\u00f1os de relaci\u00f3n, el artista decidi\u00f3 formalizar su amor con la profesora de ingl\u00e9s en un evento discreto pero emotivo.<\/p>\n\n\n\n<p>A trav\u00e9s de sus redes sociales, comparti\u00f3 im\u00e1genes del momento y expres\u00f3 su felicidad: \u201c\u00a1Y un d\u00eda ser\u00e1n todos los d\u00edas, pero a tu lado! \u00a1Qu\u00e9 bendici\u00f3n del cielo tenerte, tenernos y encontrarnos en los tiempos perfectos de Dios!\u201d.<\/p>\n\n\n\n<p>El festejo cont\u00f3 con la presencia de familiares y amigos cercanos, en una celebraci\u00f3n sin grandes lujos, pero cargada de emoci\u00f3n. Villafa\u00f1e, reconocida organizadora de eventos, se encarg\u00f3 de los detalles de la velada, que incluy\u00f3 un men\u00fa especial y una ambientaci\u00f3n c\u00e1lida.<\/p>\n\n\n\n<p>La complicidad de la pareja<\/p>\n\n\n\n<p>Luciano y Julia mantuvieron una relaci\u00f3n lejos de los esc\u00e1ndalos y con bajo perfil. Sin embargo, el cantante ha dejado en claro en varias entrevistas el amor y la admiraci\u00f3n que siente por su esposa.<\/p>\n\n\n\n<p>En su \u00faltima participaci\u00f3n en la mesa de Mirtha Legrand, expres\u00f3: \u201cEs una compa\u00f1era incre\u00edble, una mujer espl\u00e9ndida. Disfrutamos mucho de nuestra vida juntos y de nuestras mascotas\u201d.<\/p>\n\n\n\n<p>La boda marca un nuevo cap\u00edtulo en la vida del artista, quien sigue cosechando \u00e9xitos en su carrera musical mientras disfruta de este momento personal \u00fanico.<\/p>\n","protected":false},"excerpt":{"rendered":"<p>La celebraci\u00f3n intima, organizada por Claudia Villafa\u00f1e en la ciudad de Luj\u00e1n, fue un evento emotivo donde la pareja sell\u00f3 su amor y compromiso. El reconocido cantante Luciano Pereyra dio el s\u00ed junto a Julia Rezzuto en una \u00edntima boda celebrada en Luj\u00e1n. Rodeados de sus seres queridos, la pareja sell\u00f3 su amor en un [&hellip;]<\/p>\n","protected":false},"author":2,"featured_media":15268,"comment_status":"open","ping_status":"open","sticky":false,"template":"","format":"standard","meta":{"footnotes":""},"categories":[15],"tags":[1151],"_links":{"self":[{"href":"https:\/\/enlamira.info\/index.php\/wp-json\/wp\/v2\/posts\/15265"}],"collection":[{"href":"https:\/\/enlamira.info\/index.php\/wp-json\/wp\/v2\/posts"}],"about":[{"href":"https:\/\/enlamira.info\/index.php\/wp-json\/wp\/v2\/types\/post"}],"author":[{"embeddable":true,"href":"https:\/\/enlamira.info\/index.php\/wp-json\/wp\/v2\/users\/2"}],"replies":[{"embeddable":true,"href":"https:\/\/enlamira.info\/index.php\/wp-json\/wp\/v2\/comments?post=15265"}],"version-history":[{"count":3,"href":"https:\/\/enlamira.info\/index.php\/wp-json\/wp\/v2\/posts\/15265\/revisions"}],"predecessor-version":[{"id":15272,"href":"https:\/\/enlamira.info\/index.php\/wp-json\/wp\/v2\/posts\/15265\/revisions\/15272"}],"wp:featuredmedia":[{"embeddable":true,"href":"https:\/\/enlamira.info\/index.php\/wp-json\/wp\/v2\/media\/15268"}],"wp:attachment":[{"href":"https:\/\/enlamira.info\/index.php\/wp-json\/wp\/v2\/media?parent=15265"}],"wp:term":[{"taxonomy":"category","embeddable":true,"href":"https:\/\/enlamira.info\/index.php\/wp-json\/wp\/v2\/categories?post=15265"},{"taxonomy":"post_tag","embeddable":true,"href":"https:\/\/enlamira.info\/index.php\/wp-json\/wp\/v2\/tags?post=15265"}],"curies":[{"name":"wp","href":"https:\/\/api.w.org\/{rel}","templated":true}]}}