{"id":15063,"date":"2025-03-18T00:54:25","date_gmt":"2025-03-18T03:54:25","guid":{"rendered":"https:\/\/enlamira.info\/?p=15063"},"modified":"2025-03-18T09:44:37","modified_gmt":"2025-03-18T12:44:37","slug":"un-vecino-ejemplar-la-lucha-y-solidaridad-por-liam","status":"publish","type":"post","link":"https:\/\/enlamira.info\/index.php\/2025\/03\/18\/un-vecino-ejemplar-la-lucha-y-solidaridad-por-liam\/","title":{"rendered":"Un Vecino Ejemplar: La Lucha y Solidaridad por Liam"},"content":{"rendered":"\n<p>Desde hace a\u00f1os, la comunidad de Villa Dominico ha conocido y acompa\u00f1ado la valiente historia de Liam, un ni\u00f1o que, desde muy peque\u00f1o, ha enfrentado innumerables desaf\u00edos de salud. Multimedio En La Mira tuvo el honor de dar a conocer su caso, mostrando no solo su fortaleza, sino tambi\u00e9n la solidaridad de quienes lo rodean.<\/p>\n\n\n\n<p>Liam, un guerrero incansable, ha pasado por dif\u00edciles estad\u00edas en terapia intensiva, siempre demostrando un esp\u00edritu inquebrantable. Gracias al apoyo conjunto, se logr\u00f3 que se le reconociera la condici\u00f3n de electrodependiente, crucial para garantizar su bienestar, ya que su vida depende del suministro el\u00e9ctrico constante.<\/p>\n\n\n\n<figure class=\"wp-block-image size-large\"><img loading=\"lazy\" decoding=\"async\" width=\"1024\" height=\"768\" src=\"https:\/\/enlamira.info\/wp-content\/uploads\/2025\/03\/7f9c9049-5453-479c-8d32-c1fa38c83b71-1024x768.jpg\" alt=\"\" class=\"wp-image-15065\" srcset=\"https:\/\/enlamira.info\/wp-content\/uploads\/2025\/03\/7f9c9049-5453-479c-8d32-c1fa38c83b71-1024x768.jpg 1024w, https:\/\/enlamira.info\/wp-content\/uploads\/2025\/03\/7f9c9049-5453-479c-8d32-c1fa38c83b71-300x225.jpg 300w, https:\/\/enlamira.info\/wp-content\/uploads\/2025\/03\/7f9c9049-5453-479c-8d32-c1fa38c83b71-768x576.jpg 768w, https:\/\/enlamira.info\/wp-content\/uploads\/2025\/03\/7f9c9049-5453-479c-8d32-c1fa38c83b71.jpg 1040w\" sizes=\"(max-width: 1024px) 100vw, 1024px\" \/><\/figure>\n\n\n\n<p>Hoy, la familia de Liam y la comunidad celebran un importante logro: la realizaci\u00f3n de obras en su vivienda que mejoran su calidad de vida. Estas obras incluyen rampas y accesos esenciales, gracias a la colaboraci\u00f3n del Sr. Hugo Barrueco y la Secretar\u00eda de Obras P\u00fablicas de la Municipalidad de Avellaneda, quienes trabajaron con empat\u00eda y compromiso. Adem\u00e1s a Jorge Mario Aguirre, al personal municipal y al intendente Jorge ferraresi. <\/p>\n\n\n\n<figure class=\"wp-block-image size-large\"><img loading=\"lazy\" decoding=\"async\" width=\"576\" height=\"1024\" src=\"https:\/\/enlamira.info\/wp-content\/uploads\/2025\/03\/129d5bbc-6bca-4eed-b660-a165929b3c44-576x1024.jpg\" alt=\"\" class=\"wp-image-15066\" srcset=\"https:\/\/enlamira.info\/wp-content\/uploads\/2025\/03\/129d5bbc-6bca-4eed-b660-a165929b3c44-576x1024.jpg 576w, https:\/\/enlamira.info\/wp-content\/uploads\/2025\/03\/129d5bbc-6bca-4eed-b660-a165929b3c44-169x300.jpg 169w, https:\/\/enlamira.info\/wp-content\/uploads\/2025\/03\/129d5bbc-6bca-4eed-b660-a165929b3c44-768x1366.jpg 768w, https:\/\/enlamira.info\/wp-content\/uploads\/2025\/03\/129d5bbc-6bca-4eed-b660-a165929b3c44-864x1536.jpg 864w, https:\/\/enlamira.info\/wp-content\/uploads\/2025\/03\/129d5bbc-6bca-4eed-b660-a165929b3c44.jpg 899w\" sizes=\"(max-width: 576px) 100vw, 576px\" \/><\/figure>\n\n\n\n<p>Sin embargo, el camino sigue siendo desafiante. Actualmente, Liam necesita mas comodidades.  Su familia hace un llamado a la comunidad para unir fuerzas una vez m\u00e1s y continuar demostrando que, juntos, podemos marcar la diferencia.<\/p>\n\n\n\n<p><em>Alias de Mercado Pago para donaciones: jura.dobla.iban.mp.<\/em><br><em>Tel\u00e9fono de contacto de su madre, Claudia: +54 9 11 7107-1073.<\/em><\/p>\n\n\n\n<p>Cualquier aporte, grande o peque\u00f1o, ser\u00e1 invaluable. Liam, nuestro querido vecino, nos recuerda que la solidaridad y el amor pueden transformar vidas.<\/p>\n","protected":false},"excerpt":{"rendered":"<p>Desde hace a\u00f1os, la comunidad de Villa Dominico ha conocido y acompa\u00f1ado la valiente historia de Liam, un ni\u00f1o que, desde muy peque\u00f1o, ha enfrentado innumerables desaf\u00edos de salud. Multimedio En La Mira tuvo el honor de dar a conocer su caso, mostrando no solo su fortaleza, sino tambi\u00e9n la solidaridad de quienes lo rodean. [&hellip;]<\/p>\n","protected":false},"author":2,"featured_media":15064,"comment_status":"open","ping_status":"open","sticky":false,"template":"","format":"standard","meta":{"footnotes":""},"categories":[1,23,34],"tags":[1100],"_links":{"self":[{"href":"https:\/\/enlamira.info\/index.php\/wp-json\/wp\/v2\/posts\/15063"}],"collection":[{"href":"https:\/\/enlamira.info\/index.php\/wp-json\/wp\/v2\/posts"}],"about":[{"href":"https:\/\/enlamira.info\/index.php\/wp-json\/wp\/v2\/types\/post"}],"author":[{"embeddable":true,"href":"https:\/\/enlamira.info\/index.php\/wp-json\/wp\/v2\/users\/2"}],"replies":[{"embeddable":true,"href":"https:\/\/enlamira.info\/index.php\/wp-json\/wp\/v2\/comments?post=15063"}],"version-history":[{"count":2,"href":"https:\/\/enlamira.info\/index.php\/wp-json\/wp\/v2\/posts\/15063\/revisions"}],"predecessor-version":[{"id":15073,"href":"https:\/\/enlamira.info\/index.php\/wp-json\/wp\/v2\/posts\/15063\/revisions\/15073"}],"wp:featuredmedia":[{"embeddable":true,"href":"https:\/\/enlamira.info\/index.php\/wp-json\/wp\/v2\/media\/15064"}],"wp:attachment":[{"href":"https:\/\/enlamira.info\/index.php\/wp-json\/wp\/v2\/media?parent=15063"}],"wp:term":[{"taxonomy":"category","embeddable":true,"href":"https:\/\/enlamira.info\/index.php\/wp-json\/wp\/v2\/categories?post=15063"},{"taxonomy":"post_tag","embeddable":true,"href":"https:\/\/enlamira.info\/index.php\/wp-json\/wp\/v2\/tags?post=15063"}],"curies":[{"name":"wp","href":"https:\/\/api.w.org\/{rel}","templated":true}]}}