{"id":15050,"date":"2025-03-18T00:18:11","date_gmt":"2025-03-18T03:18:11","guid":{"rendered":"https:\/\/enlamira.info\/?p=15050"},"modified":"2025-03-18T00:18:11","modified_gmt":"2025-03-18T03:18:11","slug":"calendario-de-feriados-2025-en-argentina-cuantos-dias-tiene-el-proximo-fin-de-semana-largo","status":"publish","type":"post","link":"https:\/\/enlamira.info\/index.php\/2025\/03\/18\/calendario-de-feriados-2025-en-argentina-cuantos-dias-tiene-el-proximo-fin-de-semana-largo\/","title":{"rendered":"Calendario de feriados 2025 en Argentina: cu\u00e1ntos d\u00edas tiene el pr\u00f3ximo fin de semana largo"},"content":{"rendered":"\n<p>El Gobierno oficializ\u00f3 los inamovibles, los d\u00edas no laborables, los puentes y los fines de semana largos. Cu\u00e1ndo es el pr\u00f3ximo.<\/p>\n\n\n\n<p>Entre feriados inamovibles, trasladables y d\u00edas no laborables, el Gobierno oficializ\u00f3 fechas clave que permitir\u00e1n aprovechar fines de semana largos y algunos extras con d\u00edas puente.<\/p>\n\n\n\n<p>El pr\u00f3ximo ser\u00e1 el lunes 24 de marzo, D\u00eda Nacional de la Memoria por la Verdad y la Justicia en el que se conmemora en la Argentina a las v\u00edctimas de la \u00faltima dictadura c\u00edvico militar.<\/p>\n\n\n\n<p>Todos los feriados de 2025, mes a mes:<\/p>\n\n\n\n<p>Enero:<\/p>\n\n\n\n<p>Mi\u00e9rcoles 1\u00b0 de enero: A\u00f1o Nuevo (feriado inamovible).<\/p>\n\n\n\n<p>Marzo:<\/p>\n\n\n\n<p>Lunes 3 de marzo: Carnaval (feriado inamovible).<\/p>\n\n\n\n<p>Martes 4 de marzo: Carnaval (feriado inamovible).<\/p>\n\n\n\n<p>Lunes 24 de marzo: D\u00eda Nacional de la Memoria por la Verdad y la Justicia (feriado inamovible).<\/p>\n\n\n\n<p>Abril:<\/p>\n\n\n\n<p>Mi\u00e9rcoles 2 de abril: D\u00eda del Veterano y de los Ca\u00eddos en la Guerra de Malvinas (feriado inamovible).<\/p>\n\n\n\n<p>Jueves 17 de abril: Jueves Santo (d\u00eda no laborable).<\/p>\n\n\n\n<p>Viernes 18 de abril: Viernes Santo (feriado inamovible).<\/p>\n\n\n\n<p>Mayo:<\/p>\n\n\n\n<p>Jueves 1\u00b0 de mayo: D\u00eda del Trabajador (feriado inamovible).<\/p>\n\n\n\n<p>Viernes 2 de mayo: D\u00eda no laborable puente.<\/p>\n\n\n\n<p>Domingo 25 de mayo: D\u00eda de la Revoluci\u00f3n de Mayo (feriado inamovible).<\/p>\n\n\n\n<p>Junio:<\/p>\n\n\n\n<p>Lunes 16 de junio: Paso a la Inmortalidad del General Don Mart\u00edn Miguel de G\u00fcemes (se traslada del martes 17 de junio).<\/p>\n\n\n\n<p>Viernes 20 de junio: Paso a la Inmortalidad del General Don Manuel Belgrano (feriado inamovible).<\/p>\n\n\n\n<p>Julio:<\/p>\n\n\n\n<p>Mi\u00e9rcoles 9 de julio: D\u00eda de la Independencia (feriado inamovible).<\/p>\n\n\n\n<p>Agosto:<\/p>\n\n\n\n<p>Viernes 15 de agosto: D\u00eda no laborable puente.<\/p>\n\n\n\n<p>Domingo 17 de agosto: Paso a la Inmortalidad del General Don Jos\u00e9 de San Mart\u00edn (feriado trasladable).<\/p>\n\n\n\n<p>Octubre:<\/p>\n\n\n\n<p>Domingo 12 de octubre: D\u00eda del Respeto a la Diversidad Cultural (feriado trasladable).<\/p>\n\n\n\n<p>Noviembre:<\/p>\n\n\n\n<p>Viernes 21 de noviembre: D\u00eda no laborable puente.<\/p>\n\n\n\n<p>Lunes 24 de noviembre: D\u00eda de la Soberan\u00eda Nacional (se traslada del jueves 20 de noviembre).<\/p>\n\n\n\n<p>Diciembre:<\/p>\n\n\n\n<p>Lunes 8 de diciembre: D\u00eda de la Inmaculada Concepci\u00f3n de Mar\u00eda (feriado inamovible).<\/p>\n\n\n\n<p>Jueves 25 de diciembre: Navidad (feriado inamovible)<\/p>\n\n\n\n<p>Fines de semana largos en 2025<\/p>\n\n\n\n<p>Carnaval:<\/p>\n\n\n\n<p>S\u00e1bado 1, domingo 2, lunes 3 y martes 4 de marzo (4 d\u00edas).<\/p>\n\n\n\n<p>D\u00eda Nacional de la Memoria por la Verdad y la Justicia:<\/p>\n\n\n\n<p>S\u00e1bado 22, domingo 23 y lunes 24 de marzo (3 d\u00edas).<\/p>\n\n\n\n<p>Semana Santa:<\/p>\n\n\n\n<p>Jueves 17, viernes 18, s\u00e1bado 19 y domingo 20 de abril (4 d\u00edas).<\/p>\n\n\n\n<p>D\u00eda del Trabajador:<\/p>\n\n\n\n<p>Jueves 1, viernes 2, s\u00e1bado 3 y domingo 4 de mayo (4 d\u00edas).<\/p>\n\n\n\n<p>Paso a la Inmortalidad del General Don Mart\u00edn Miguel de G\u00fcemes:<\/p>\n\n\n\n<p>S\u00e1bado 14, domingo 15 y lunes 16 de junio (3 d\u00edas).<\/p>\n\n\n\n<p>Paso a la Inmortalidad del General Don Jos\u00e9 de San Mart\u00edn:<\/p>\n\n\n\n<p>Viernes 15, s\u00e1bado 16 y domingo 17 de agosto (3 d\u00edas).<\/p>\n\n\n\n<p>D\u00eda de la Soberan\u00eda Nacional:<\/p>\n\n\n\n<p>S\u00e1bado 23, domingo 24 y lunes 24 de noviembre (3 d\u00edas).<\/p>\n\n\n\n<p>D\u00eda de la Inmaculada Concepci\u00f3n de Mar\u00eda:<\/p>\n\n\n\n<p>S\u00e1bado 6, domingo 7 y lunes 8 de diciembre (3 d\u00edas).<\/p>\n","protected":false},"excerpt":{"rendered":"<p>El Gobierno oficializ\u00f3 los inamovibles, los d\u00edas no laborables, los puentes y los fines de semana largos. Cu\u00e1ndo es el pr\u00f3ximo. Entre feriados inamovibles, trasladables y d\u00edas no laborables, el Gobierno oficializ\u00f3 fechas clave que permitir\u00e1n aprovechar fines de semana largos y algunos extras con d\u00edas puente. El pr\u00f3ximo ser\u00e1 el lunes 24 de marzo, [&hellip;]<\/p>\n","protected":false},"author":2,"featured_media":15056,"comment_status":"open","ping_status":"open","sticky":false,"template":"","format":"standard","meta":{"footnotes":""},"categories":[1],"tags":[1098],"_links":{"self":[{"href":"https:\/\/enlamira.info\/index.php\/wp-json\/wp\/v2\/posts\/15050"}],"collection":[{"href":"https:\/\/enlamira.info\/index.php\/wp-json\/wp\/v2\/posts"}],"about":[{"href":"https:\/\/enlamira.info\/index.php\/wp-json\/wp\/v2\/types\/post"}],"author":[{"embeddable":true,"href":"https:\/\/enlamira.info\/index.php\/wp-json\/wp\/v2\/users\/2"}],"replies":[{"embeddable":true,"href":"https:\/\/enlamira.info\/index.php\/wp-json\/wp\/v2\/comments?post=15050"}],"version-history":[{"count":1,"href":"https:\/\/enlamira.info\/index.php\/wp-json\/wp\/v2\/posts\/15050\/revisions"}],"predecessor-version":[{"id":15057,"href":"https:\/\/enlamira.info\/index.php\/wp-json\/wp\/v2\/posts\/15050\/revisions\/15057"}],"wp:featuredmedia":[{"embeddable":true,"href":"https:\/\/enlamira.info\/index.php\/wp-json\/wp\/v2\/media\/15056"}],"wp:attachment":[{"href":"https:\/\/enlamira.info\/index.php\/wp-json\/wp\/v2\/media?parent=15050"}],"wp:term":[{"taxonomy":"category","embeddable":true,"href":"https:\/\/enlamira.info\/index.php\/wp-json\/wp\/v2\/categories?post=15050"},{"taxonomy":"post_tag","embeddable":true,"href":"https:\/\/enlamira.info\/index.php\/wp-json\/wp\/v2\/tags?post=15050"}],"curies":[{"name":"wp","href":"https:\/\/api.w.org\/{rel}","templated":true}]}}