{"id":14991,"date":"2025-03-13T17:17:08","date_gmt":"2025-03-13T20:17:08","guid":{"rendered":"https:\/\/enlamira.info\/?p=14991"},"modified":"2025-03-13T17:19:58","modified_gmt":"2025-03-13T20:19:58","slug":"la-camara-nacional-electoral-anuncio-la-aprobacion-del-nuevo-cronograma-electoral-cuando-se-vota-y-donde-se-consulta","status":"publish","type":"post","link":"https:\/\/enlamira.info\/index.php\/2025\/03\/13\/la-camara-nacional-electoral-anuncio-la-aprobacion-del-nuevo-cronograma-electoral-cuando-se-vota-y-donde-se-consulta\/","title":{"rendered":"La C\u00e1mara Nacional Electoral anunci\u00f3 la aprobaci\u00f3n del nuevo cronograma electoral: cu\u00e1ndo se vota y d\u00f3nde se consulta"},"content":{"rendered":"\n<p>El cierre del padr\u00f3n provisorio est\u00e1 previsto para el 19 de abril, y se publicar\u00e1 el 29 para la ciudadan\u00eda.<\/p>\n\n\n\n<p>La C\u00e1mara Nacional Electoral (CNE) oficializ\u00f3 este jueves el nuevo cronograma para las elecciones legislativas de medio t\u00e9rmino, que se celebrar\u00e1n el domingo 26 de octubre. La medida fue formalizada mediante la Acordada Extraordinaria N\u00b0 26, tras la confirmaci\u00f3n del Gobierno en el Bolet\u00edn Oficial sobre la suspensi\u00f3n de las Primarias Abiertas, Simult\u00e1neas y Obligatorias (PASO).<\/p>\n\n\n\n<p>El cronograma establece las fechas clave del proceso electoral, incluyendo la consulta de padrones, el cierre para la presentaci\u00f3n de candidaturas y la campa\u00f1a electoral. Adem\u00e1s, se prev\u00e9 la implementaci\u00f3n de la Boleta \u00danica de Papel.<\/p>\n\n\n\n<p>19 de abril: cierre del padr\u00f3n provisorio y fecha l\u00edmite para la inclusi\u00f3n de novedades registrales.<\/p>\n\n\n\n<p>29 de abril: publicaci\u00f3n del padr\u00f3n provisorio para su consulta.<\/p>\n\n\n\n<p>7 de agosto: fecha l\u00edmite para el reconocimiento de alianzas y confederaciones.<\/p>\n\n\n\n<p>17 de agosto: cierre de presentaci\u00f3n de listas de candidatos.<\/p>\n\n\n\n<p>27 de agosto: inicio de la campa\u00f1a electoral.<\/p>\n\n\n\n<p>1 de septiembre: audiencia p\u00fablica para exhibir el dise\u00f1o de la Boleta \u00danica de Papel.<\/p>\n\n\n\n<p>26 de septiembre: comienzo de la campa\u00f1a en medios de comunicaci\u00f3n.<\/p>\n\n\n\n<p>18 de octubre: prohibici\u00f3n de difusi\u00f3n de encuestas o pron\u00f3sticos electorales.<\/p>\n\n\n\n<p>El cronograma completo est\u00e1 disponible en el sitio web oficial de la C\u00e1mara Nacional Electoral (electoral.gob.ar).<\/p>\n\n\n\n<p>Capacitaci\u00f3n y feria judicial suspendida<\/p>\n\n\n\n<p>Para garantizar el correcto desarrollo del proceso electoral, la CNE suspendi\u00f3 la feria judicial de julio en todo el fuero electoral nacional. Asimismo, el personal t\u00e9cnico y administrativo de la C\u00e1mara y de las Secretar\u00edas Electorales no podr\u00e1 hacer uso de licencias compensatorias durante este per\u00edodo.<\/p>\n\n\n\n<p>El Gobierno tambi\u00e9n convoc\u00f3 licitaciones para la provisi\u00f3n de urnas, sobres y elementos de escritura que se utilizar\u00e1n en los comicios.<\/p>\n\n\n\n<p>En cuanto a la capacitaci\u00f3n de las autoridades de mesa y votantes, la C\u00e1mara Electoral y el Poder Ejecutivo acordaron reforzar la informaci\u00f3n ciudadana para familiarizar a los electores con el sistema de Boleta \u00danica de Papel.<\/p>\n\n\n\n<p>Elecciones locales en distintas provincias<\/p>\n\n\n\n<p>Algunas provincias llevar\u00e1n a cabo sus propias elecciones intermedias en fechas diferentes a los comicios nacionales:<\/p>\n\n\n\n<p>Salta: 4 de mayo.<\/p>\n\n\n\n<p>Chaco, Jujuy y San Luis: 11 de mayo.<\/p>\n\n\n\n<p>Ciudad de Buenos Aires: 18 de mayo.<\/p>\n\n\n\n<p>Santa Fe: 29 de junio.<\/p>\n\n\n\n<p>En la provincia de Buenos Aires, gobernada por Axel Kicillof, a\u00fan no hay definiciones sobre un posible adelantamiento de las elecciones.<\/p>\n\n\n\n<p>Con el cronograma electoral ya en marcha, la atenci\u00f3n ahora se centra en la implementaci\u00f3n de las modificaciones aprobadas y en la organizaci\u00f3n de los comicios en un escenario pol\u00edtico marcado por cambios en las reglas del proceso electoral.<\/p>\n","protected":false},"excerpt":{"rendered":"<p>El cierre del padr\u00f3n provisorio est\u00e1 previsto para el 19 de abril, y se publicar\u00e1 el 29 para la ciudadan\u00eda. La C\u00e1mara Nacional Electoral (CNE) oficializ\u00f3 este jueves el nuevo cronograma para las elecciones legislativas de medio t\u00e9rmino, que se celebrar\u00e1n el domingo 26 de octubre. La medida fue formalizada mediante la Acordada Extraordinaria N\u00b0 [&hellip;]<\/p>\n","protected":false},"author":2,"featured_media":14995,"comment_status":"open","ping_status":"open","sticky":false,"template":"","format":"standard","meta":{"footnotes":""},"categories":[8,1,20],"tags":[1080],"_links":{"self":[{"href":"https:\/\/enlamira.info\/index.php\/wp-json\/wp\/v2\/posts\/14991"}],"collection":[{"href":"https:\/\/enlamira.info\/index.php\/wp-json\/wp\/v2\/posts"}],"about":[{"href":"https:\/\/enlamira.info\/index.php\/wp-json\/wp\/v2\/types\/post"}],"author":[{"embeddable":true,"href":"https:\/\/enlamira.info\/index.php\/wp-json\/wp\/v2\/users\/2"}],"replies":[{"embeddable":true,"href":"https:\/\/enlamira.info\/index.php\/wp-json\/wp\/v2\/comments?post=14991"}],"version-history":[{"count":1,"href":"https:\/\/enlamira.info\/index.php\/wp-json\/wp\/v2\/posts\/14991\/revisions"}],"predecessor-version":[{"id":14994,"href":"https:\/\/enlamira.info\/index.php\/wp-json\/wp\/v2\/posts\/14991\/revisions\/14994"}],"wp:featuredmedia":[{"embeddable":true,"href":"https:\/\/enlamira.info\/index.php\/wp-json\/wp\/v2\/media\/14995"}],"wp:attachment":[{"href":"https:\/\/enlamira.info\/index.php\/wp-json\/wp\/v2\/media?parent=14991"}],"wp:term":[{"taxonomy":"category","embeddable":true,"href":"https:\/\/enlamira.info\/index.php\/wp-json\/wp\/v2\/categories?post=14991"},{"taxonomy":"post_tag","embeddable":true,"href":"https:\/\/enlamira.info\/index.php\/wp-json\/wp\/v2\/tags?post=14991"}],"curies":[{"name":"wp","href":"https:\/\/api.w.org\/{rel}","templated":true}]}}