{"id":1498,"date":"2024-03-19T11:33:35","date_gmt":"2024-03-19T14:33:35","guid":{"rendered":"https:\/\/enlamira.info\/?p=1498"},"modified":"2024-03-19T11:53:08","modified_gmt":"2024-03-19T14:53:08","slug":"mirtha-legrand-de-este-gobierno-no-quiero-estar-en-contra-porque-enseguida-toman-represalias","status":"publish","type":"post","link":"https:\/\/enlamira.info\/index.php\/2024\/03\/19\/mirtha-legrand-de-este-gobierno-no-quiero-estar-en-contra-porque-enseguida-toman-represalias\/","title":{"rendered":"Mirtha Legrand: \u201cDe este Gobierno no quiero estar en contra porque enseguida toman represalias\u201d"},"content":{"rendered":"\n<p>La conductora de televisi\u00f3n se refiri\u00f3 a la administraci\u00f3n de Javier Milei luego del intercambio de opiniones sobre el cine argentino.<\/p>\n\n\n\n<p>En medio del proyecto de\u00a0desfinanciaci\u00f3n del INCAA\u00a0que incluye la reducci\u00f3n de costos y el posible\u00a0cierre del cine Gaumont, la diva argentina de la televisi\u00f3n y actriz,\u00a0Mirtha Legrand, se refiri\u00f3 a la respuesta que tuvo del Gobierno luego de oponerse a la postura oficialista.<\/p>\n\n\n\n<p>\u201cNo corresponde. Fue una opini\u00f3n simplemente, no fue para decir que compre el cine. Es rid\u00edculo\u201c, manifest\u00f3 Legrand luego de pedir en su programa del s\u00e1bado pasado que no se cerrara el cine porte\u00f1o. \u201c\u00bfQu\u00e9 puede costar mantener el cine Gaumont? Es terrible\u201d, agreg\u00f3.<\/p>\n\n\n\n<p>Y continu\u00f3: \u201cMe da como\u00a0cierto temor a expresarte, porque si cada cosa que vas a decir, si al Gobierno no le gusta mucho, o le molesta a alguien, te van a retrucar.\u00a0Es desagradable\u201c.<\/p>\n\n\n\n<p>Las palabras de Legrand se dieron luego de que el polit\u00f3logo\u00a0Julio Burman\u00a0se manifestara en la red social X y el presidente\u00a0Javier Milei\u00a0adhiriera a su idea. \u201cQu\u00e9 gran gesto ser\u00eda\u00a0que Mirtha compre el Gaumont, que \u00e9ste pase a llamarse Cine GAUMONT-LEGRAND y que proyecte solo pel\u00edculas argentinas\u201d, sostuvo.<\/p>\n\n\n\n<p>\u201cMe sorprendi\u00f3 mucho cuando reaccionaron as\u00ed. No s\u00e9 si fue gente a favor o en contra del Gobierno\u201d, opin\u00f3 la diva, quien concluy\u00f3: \u201cDe este Gobierno no quiero estar en contra, porque enseguida toman represalias y es desagradable\u201c.<\/p>\n","protected":false},"excerpt":{"rendered":"<p>La conductora de televisi\u00f3n se refiri\u00f3 a la administraci\u00f3n de Javier Milei luego del intercambio de opiniones sobre el cine argentino. En medio del proyecto de\u00a0desfinanciaci\u00f3n del INCAA\u00a0que incluye la reducci\u00f3n de costos y el posible\u00a0cierre del cine Gaumont, la diva argentina de la televisi\u00f3n y actriz,\u00a0Mirtha Legrand, se refiri\u00f3 a la respuesta que tuvo [&hellip;]<\/p>\n","protected":false},"author":2,"featured_media":1500,"comment_status":"open","ping_status":"open","sticky":false,"template":"","format":"standard","meta":{"footnotes":""},"categories":[20],"tags":[],"_links":{"self":[{"href":"https:\/\/enlamira.info\/index.php\/wp-json\/wp\/v2\/posts\/1498"}],"collection":[{"href":"https:\/\/enlamira.info\/index.php\/wp-json\/wp\/v2\/posts"}],"about":[{"href":"https:\/\/enlamira.info\/index.php\/wp-json\/wp\/v2\/types\/post"}],"author":[{"embeddable":true,"href":"https:\/\/enlamira.info\/index.php\/wp-json\/wp\/v2\/users\/2"}],"replies":[{"embeddable":true,"href":"https:\/\/enlamira.info\/index.php\/wp-json\/wp\/v2\/comments?post=1498"}],"version-history":[{"count":2,"href":"https:\/\/enlamira.info\/index.php\/wp-json\/wp\/v2\/posts\/1498\/revisions"}],"predecessor-version":[{"id":1502,"href":"https:\/\/enlamira.info\/index.php\/wp-json\/wp\/v2\/posts\/1498\/revisions\/1502"}],"wp:featuredmedia":[{"embeddable":true,"href":"https:\/\/enlamira.info\/index.php\/wp-json\/wp\/v2\/media\/1500"}],"wp:attachment":[{"href":"https:\/\/enlamira.info\/index.php\/wp-json\/wp\/v2\/media?parent=1498"}],"wp:term":[{"taxonomy":"category","embeddable":true,"href":"https:\/\/enlamira.info\/index.php\/wp-json\/wp\/v2\/categories?post=1498"},{"taxonomy":"post_tag","embeddable":true,"href":"https:\/\/enlamira.info\/index.php\/wp-json\/wp\/v2\/tags?post=1498"}],"curies":[{"name":"wp","href":"https:\/\/api.w.org\/{rel}","templated":true}]}}