{"id":1489,"date":"2024-03-19T11:31:12","date_gmt":"2024-03-19T14:31:12","guid":{"rendered":"https:\/\/enlamira.info\/?p=1489"},"modified":"2024-03-19T11:55:38","modified_gmt":"2024-03-19T14:55:38","slug":"espert-insistio-con-la-rebelion-fiscal-ante-el-impuestazo-de-kicillof-no-es-un-delito","status":"publish","type":"post","link":"https:\/\/enlamira.info\/index.php\/2024\/03\/19\/espert-insistio-con-la-rebelion-fiscal-ante-el-impuestazo-de-kicillof-no-es-un-delito\/","title":{"rendered":"Espert insisti\u00f3 con la rebeli\u00f3n fiscal ante el impuestazo de Kicillof: \u201cNo es un delito\u201d"},"content":{"rendered":"\n<p>El diputado de La Libertad Avanza ratific\u00f3 su postura frente al aumento de impuestos en la provincia de Buenos Aires.<\/p>\n\n\n\n<p>Este lunes, el diputado oficialista\u00a0Jos\u00e9 Luis Espert defendi\u00f3 su postura de\u00a0no pagar los impuestos\u00a0correspondientes en la\u00a0provincia de Buenos Aires\u00a0y sostuvo que el gobernador\u00a0Axel Kicillof\u00a0es \u201cun caradura\u201d.<\/p>\n\n\n\n<p>\u201cSi yo no hubiera hecho el llamado a la rebeli\u00f3n fiscal, este impuestazo feroz de Kicillof pasaba como si nada.\u00a0A los ciudadanos no nos escuchan\u201d, sostuvo Espert, quien agreg\u00f3: \u201cEstoy convencido de haber llamado a la rebeli\u00f3n, porque es la \u00fanica manera que tenemos los contribuyentes de\u00a0protestar\u201c.<\/p>\n\n\n\n<p>Y continu\u00f3: \u201cEs una violaci\u00f3n del derecho de propiedad, y lo que est\u00e1 haciendo Kicillof<strong>\u00a0es expropiatorio<\/strong>. Es una locura\u201d.<\/p>\n\n\n\n<p>\u201cHay una profusa jurisprudencia de la\u00a0Corte Suprema que dice que, si el impuesto supera en 35% la renta, es confiscatorio. Y la confiscaci\u00f3n est\u00e1 prohibida por la Constituci\u00f3n. Y la segunda raz\u00f3n es que hay una\u00a0desproporci\u00f3n entre lo que gobernador de la provincia nos cobra y lo que nos da\u201c, explic\u00f3 a su entender.<\/p>\n\n\n\n<p>Fue entonces cuando volvi\u00f3 a apuntar contra el gobernador: \u201c\u00bfEse\u00a0in\u00fatil\u00a0nos va a confiscar nuestra renta de los trabajadores en la provincia de Buenos Aires con tal de no ajustar a la pol\u00edtica?\u00a0Kicillof es un verdadero caradura\u201c.<\/p>\n\n\n\n<p>\u201cLa rebeli\u00f3n fiscal no es un delito, ser\u00e1 un problema contencioso administrativo\u00a0para aquellos que no pagamos. Con mis hermanos no estamos pagando lo que nos corresponde seg\u00fan el delirante de Kicillof, que nos ha multiplicado por cinco lo que debemos pagar por el inmobiliario\u201d, coment\u00f3.<\/p>\n","protected":false},"excerpt":{"rendered":"<p>El diputado de La Libertad Avanza ratific\u00f3 su postura frente al aumento de impuestos en la provincia de Buenos Aires. Este lunes, el diputado oficialista\u00a0Jos\u00e9 Luis Espert defendi\u00f3 su postura de\u00a0no pagar los impuestos\u00a0correspondientes en la\u00a0provincia de Buenos Aires\u00a0y sostuvo que el gobernador\u00a0Axel Kicillof\u00a0es \u201cun caradura\u201d. \u201cSi yo no hubiera hecho el llamado a la [&hellip;]<\/p>\n","protected":false},"author":2,"featured_media":1491,"comment_status":"open","ping_status":"open","sticky":false,"template":"","format":"standard","meta":{"footnotes":""},"categories":[20],"tags":[],"_links":{"self":[{"href":"https:\/\/enlamira.info\/index.php\/wp-json\/wp\/v2\/posts\/1489"}],"collection":[{"href":"https:\/\/enlamira.info\/index.php\/wp-json\/wp\/v2\/posts"}],"about":[{"href":"https:\/\/enlamira.info\/index.php\/wp-json\/wp\/v2\/types\/post"}],"author":[{"embeddable":true,"href":"https:\/\/enlamira.info\/index.php\/wp-json\/wp\/v2\/users\/2"}],"replies":[{"embeddable":true,"href":"https:\/\/enlamira.info\/index.php\/wp-json\/wp\/v2\/comments?post=1489"}],"version-history":[{"count":2,"href":"https:\/\/enlamira.info\/index.php\/wp-json\/wp\/v2\/posts\/1489\/revisions"}],"predecessor-version":[{"id":1492,"href":"https:\/\/enlamira.info\/index.php\/wp-json\/wp\/v2\/posts\/1489\/revisions\/1492"}],"wp:featuredmedia":[{"embeddable":true,"href":"https:\/\/enlamira.info\/index.php\/wp-json\/wp\/v2\/media\/1491"}],"wp:attachment":[{"href":"https:\/\/enlamira.info\/index.php\/wp-json\/wp\/v2\/media?parent=1489"}],"wp:term":[{"taxonomy":"category","embeddable":true,"href":"https:\/\/enlamira.info\/index.php\/wp-json\/wp\/v2\/categories?post=1489"},{"taxonomy":"post_tag","embeddable":true,"href":"https:\/\/enlamira.info\/index.php\/wp-json\/wp\/v2\/tags?post=1489"}],"curies":[{"name":"wp","href":"https:\/\/api.w.org\/{rel}","templated":true}]}}