{"id":1479,"date":"2024-03-19T11:28:50","date_gmt":"2024-03-19T14:28:50","guid":{"rendered":"https:\/\/enlamira.info\/?p=1479"},"modified":"2024-03-19T11:56:56","modified_gmt":"2024-03-19T14:56:56","slug":"el-noble-gesto-de-edinson-cavani-luego-de-la-suspension-del-partido-ante-estudiantes","status":"publish","type":"post","link":"https:\/\/enlamira.info\/index.php\/2024\/03\/19\/el-noble-gesto-de-edinson-cavani-luego-de-la-suspension-del-partido-ante-estudiantes\/","title":{"rendered":"El noble gesto de Edinson Cavani luego de la suspensi\u00f3n del partido ante Estudiantes"},"content":{"rendered":"\n<p>El Uruguayo qued\u00f3 en el centro de la pol\u00e9mica por el accionar tras lo sucedido con Javier Altamirano<\/p>\n\n\n\n<p>Dura noche se vivi\u00f3 en la ciudad de La Plata. Transcurr\u00edan 27 minutos cuando\u00a0Javier Altamirano\u00a0se desplom\u00f3 en la cancha y recibi\u00f3 la atenci\u00f3n inmediata de los m\u00e9dicos. A partir de all\u00ed la conmoci\u00f3n se adue\u00f1o de las m\u00e1s de 30 mil almas que coparon el Estadio UNO.<\/p>\n\n\n\n<p>Los futbolistas quedaron dispersos dentro del campo de juego y los gestos de\u00a0Edinson Cavani\u00a0generaron el malestar de los fan\u00e1ticos de Estudiantes que comenzaron a insultar al goleador uruguayo.<\/p>\n\n\n\n<p>No obstante, el ex PSG Y Napoli\u00a0se tom\u00f3 algunos minutos para ir a la puerta del vestuario del Pincha para recolectar mayor informaci\u00f3n al respecto del estado de salud de su colega y luego transmitirla al plantel xeneize.<\/p>\n\n\n\n<p>Otro que no se salv\u00f3 de las cr\u00edticas fue el DT Diego Mart\u00ednez que fue muy claro con el mensaje. \u201cQueremos aclarar que lo m\u00e1s importante que Javier est\u00e1 bien y fuera de peligro. Desde que entendimos la gravedad de lo que pasaba, nos pusimos a disposici\u00f3n de Estudiantes, del cuerpo t\u00e9cnico y el cuerpo arbitral. Entre Sosa, Dom\u00ednguez, el cuerpo arbitral, Cavani y yo nos pusimos a disposici\u00f3n y decidimos suspender el partido\u201d, a\u00f1adi\u00f3 el entrenador al respecto de la gesti\u00f3n de la situaci\u00f3n.<\/p>\n\n\n\n<p>Las redes sociales del club de la Ribera sacaron una frase de aliento para el jugador que pas\u00f3 un momento de susto en La Plata. \u201cCon la tranquilidad de que Javier Altamirano se encuentra estable, desde el Club Atl\u00e9tico Boca Juniors saludamos afectuosamente al jugador, su familia, y a todo el plantel de Estudiantes, dese\u00e1ndole una pronta recuperaci\u00f3n\u201d, redactaron.<\/p>\n\n\n\n<p>Del lado de Estudiantes, Eduardo Dom\u00ednguez agradeci\u00f3 el accionar del Xeneize. \u201cHay que agradecer a los m\u00e9dicos de Boca, que enseguida se pusieron a disposici\u00f3n. A los chicos del plantel, que se arm\u00f3 un revuelo y nos vinieron a decir y apoyar y que decidamos nosotros qu\u00e9 necesitamos. Hay que valorar eso, nos tenemos que solidarizar y creo que Boca lo hizo, sabiendo que la agenda secundariamente se va a apretar, ser\u00e1 m\u00e1s de la cuenta, pero en ese sentido quiero destacar que Boca siempre estuvo a disposici\u00f3n. Nos toc\u00f3 a nosotros. Si le tacaba a otro, nos tenemos que solidarizar\u201d, declar\u00f3 en charla con ESPN.<\/p>\n","protected":false},"excerpt":{"rendered":"<p>El Uruguayo qued\u00f3 en el centro de la pol\u00e9mica por el accionar tras lo sucedido con Javier Altamirano Dura noche se vivi\u00f3 en la ciudad de La Plata. Transcurr\u00edan 27 minutos cuando\u00a0Javier Altamirano\u00a0se desplom\u00f3 en la cancha y recibi\u00f3 la atenci\u00f3n inmediata de los m\u00e9dicos. A partir de all\u00ed la conmoci\u00f3n se adue\u00f1o de las [&hellip;]<\/p>\n","protected":false},"author":2,"featured_media":1481,"comment_status":"open","ping_status":"open","sticky":false,"template":"","format":"standard","meta":{"footnotes":""},"categories":[14],"tags":[],"_links":{"self":[{"href":"https:\/\/enlamira.info\/index.php\/wp-json\/wp\/v2\/posts\/1479"}],"collection":[{"href":"https:\/\/enlamira.info\/index.php\/wp-json\/wp\/v2\/posts"}],"about":[{"href":"https:\/\/enlamira.info\/index.php\/wp-json\/wp\/v2\/types\/post"}],"author":[{"embeddable":true,"href":"https:\/\/enlamira.info\/index.php\/wp-json\/wp\/v2\/users\/2"}],"replies":[{"embeddable":true,"href":"https:\/\/enlamira.info\/index.php\/wp-json\/wp\/v2\/comments?post=1479"}],"version-history":[{"count":2,"href":"https:\/\/enlamira.info\/index.php\/wp-json\/wp\/v2\/posts\/1479\/revisions"}],"predecessor-version":[{"id":1483,"href":"https:\/\/enlamira.info\/index.php\/wp-json\/wp\/v2\/posts\/1479\/revisions\/1483"}],"wp:featuredmedia":[{"embeddable":true,"href":"https:\/\/enlamira.info\/index.php\/wp-json\/wp\/v2\/media\/1481"}],"wp:attachment":[{"href":"https:\/\/enlamira.info\/index.php\/wp-json\/wp\/v2\/media?parent=1479"}],"wp:term":[{"taxonomy":"category","embeddable":true,"href":"https:\/\/enlamira.info\/index.php\/wp-json\/wp\/v2\/categories?post=1479"},{"taxonomy":"post_tag","embeddable":true,"href":"https:\/\/enlamira.info\/index.php\/wp-json\/wp\/v2\/tags?post=1479"}],"curies":[{"name":"wp","href":"https:\/\/api.w.org\/{rel}","templated":true}]}}