{"id":14771,"date":"2025-03-01T10:45:18","date_gmt":"2025-03-01T13:45:18","guid":{"rendered":"https:\/\/enlamira.info\/?p=14771"},"modified":"2025-03-01T10:45:18","modified_gmt":"2025-03-01T13:45:18","slug":"reaparecio-sergio-massa-y-apoyo-a-kicillof-ante-la-amenaza-de-intervencion-basta-de-show","status":"publish","type":"post","link":"https:\/\/enlamira.info\/index.php\/2025\/03\/01\/reaparecio-sergio-massa-y-apoyo-a-kicillof-ante-la-amenaza-de-intervencion-basta-de-show\/","title":{"rendered":"Reapareci\u00f3 Sergio Massa y apoy\u00f3 a Kicillof ante la amenaza de intervenci\u00f3n: \u201cBasta de show\u201d"},"content":{"rendered":"\n<p>El l\u00edder del Frente Renovador public\u00f3 un comunicado rechazando el pedido de Javier Milei para que el gobernador bonaerense renuncie y tomar el control de la Provincia.<\/p>\n\n\n\n<p>En medio de la crisis de inseguridad que azota a la provincia de Buenos Aires y al pa\u00eds entero, la amenaza de intervenci\u00f3n del presidente Javier Milei, achic\u00f3 la grieta en el peronismo que sali\u00f3 a mostrar su apoyo al gobernador Axel Kicillof. Entre ellos, el titular del Frente Renovador (FR), Sergio Massa.<\/p>\n\n\n\n<p>\u201cEl asesinato de una ni\u00f1a duele mucho m\u00e1s cuando quieren usarlo para sacar r\u00e9dito pol\u00edtico, proponiendo soluciones imaginarias a problemas reales\u201d, sostuvo el exministro de Econom\u00eda de Alberto Fern\u00e1ndez, a trav\u00e9s de un comunicado publicado en las redes sociales.<\/p>\n\n\n\n<p>Adem\u00e1s, el excandidato a presidente por Uni\u00f3n por la Patria (UP), relat\u00f3 que se comunic\u00f3 con los legisladores e intendentes de su espacio para que respaldan al gobernador bonaerense, en su respuesta al Gobierno nacional. Que se desarrollar\u00e1 el viernes por la tarde con una foto de unidad del peronismo.<\/p>\n\n\n\n<p>\u201cVemos en el dolor de la familia de Kim el fracaso del sistema judicial. Por eso, ped\u00ed el juicio pol\u00edtico a la fiscal que pidi\u00f3 su liberaci\u00f3n y orden\u00e9 a los legisladores del Frente Renovador que redacten la iniciativa\u201d, se\u00f1al\u00f3 Massa.<\/p>\n\n\n\n<p>A lo que sum\u00f3: \u201cBasta de show. Es hora de tomarse en serio el problema de la inseguridad. Y para eso hace falta un Estado \u00e1gil y eficiente, con regionalizaci\u00f3n de la funci\u00f3n del ministerio, polic\u00edas locales y centros de monitoreo unificados en el \u00e1rea metropolitana. Respuestas concretas para problemas concretos. Sin chamuyo\u201d.<\/p>\n\n\n\n<p>Las declaraciones del tigrense llegan despu\u00e9s de que el presidente Milei le pidiera la renuncia a Kicillof, para poder tomar el control de la Provincia y solucionar el problema de la inseguridad. Algo, que adem\u00e1s de ser anticonstitucional, despert\u00f3 la reacci\u00f3n de todo el arco pol\u00edtico opositor y aline\u00f3 al peronismo detr\u00e1s de una causa com\u00fan.<\/p>\n","protected":false},"excerpt":{"rendered":"<p>El l\u00edder del Frente Renovador public\u00f3 un comunicado rechazando el pedido de Javier Milei para que el gobernador bonaerense renuncie y tomar el control de la Provincia. En medio de la crisis de inseguridad que azota a la provincia de Buenos Aires y al pa\u00eds entero, la amenaza de intervenci\u00f3n del presidente Javier Milei, achic\u00f3 [&hellip;]<\/p>\n","protected":false},"author":2,"featured_media":14778,"comment_status":"open","ping_status":"open","sticky":false,"template":"","format":"standard","meta":{"footnotes":""},"categories":[1,20],"tags":[],"_links":{"self":[{"href":"https:\/\/enlamira.info\/index.php\/wp-json\/wp\/v2\/posts\/14771"}],"collection":[{"href":"https:\/\/enlamira.info\/index.php\/wp-json\/wp\/v2\/posts"}],"about":[{"href":"https:\/\/enlamira.info\/index.php\/wp-json\/wp\/v2\/types\/post"}],"author":[{"embeddable":true,"href":"https:\/\/enlamira.info\/index.php\/wp-json\/wp\/v2\/users\/2"}],"replies":[{"embeddable":true,"href":"https:\/\/enlamira.info\/index.php\/wp-json\/wp\/v2\/comments?post=14771"}],"version-history":[{"count":1,"href":"https:\/\/enlamira.info\/index.php\/wp-json\/wp\/v2\/posts\/14771\/revisions"}],"predecessor-version":[{"id":14779,"href":"https:\/\/enlamira.info\/index.php\/wp-json\/wp\/v2\/posts\/14771\/revisions\/14779"}],"wp:featuredmedia":[{"embeddable":true,"href":"https:\/\/enlamira.info\/index.php\/wp-json\/wp\/v2\/media\/14778"}],"wp:attachment":[{"href":"https:\/\/enlamira.info\/index.php\/wp-json\/wp\/v2\/media?parent=14771"}],"wp:term":[{"taxonomy":"category","embeddable":true,"href":"https:\/\/enlamira.info\/index.php\/wp-json\/wp\/v2\/categories?post=14771"},{"taxonomy":"post_tag","embeddable":true,"href":"https:\/\/enlamira.info\/index.php\/wp-json\/wp\/v2\/tags?post=14771"}],"curies":[{"name":"wp","href":"https:\/\/api.w.org\/{rel}","templated":true}]}}