{"id":14756,"date":"2025-02-28T11:33:16","date_gmt":"2025-02-28T14:33:16","guid":{"rendered":"https:\/\/enlamira.info\/?p=14756"},"modified":"2025-02-28T11:33:16","modified_gmt":"2025-02-28T14:33:16","slug":"francisco-dejo-atras-el-estado-critico-que-dice-el-nuevo-parte-medico-sobre-su-salud","status":"publish","type":"post","link":"https:\/\/enlamira.info\/index.php\/2025\/02\/28\/francisco-dejo-atras-el-estado-critico-que-dice-el-nuevo-parte-medico-sobre-su-salud\/","title":{"rendered":"Francisco dej\u00f3 atr\u00e1s el estado cr\u00edtico: qu\u00e9 dice el nuevo parte m\u00e9dico sobre su salud"},"content":{"rendered":"\n<p>El Vaticano inform\u00f3 este viernes que el papa pas\u00f3 una noche tranquila, mientras sigue con su descanso en el hospital Gemelli de Roma<\/p>\n\n\n\n<p>Hay buenas noticias sobre el estado de salud del Papa Francisco, quien cumpli\u00f3 dos semanas internado en el policl\u00ednico Gemelli de Roma, producto de una serie de problemas respiratorios. Seg\u00fan las \u00faltimas novedades, el sumo pont\u00edfice dej\u00f3 atr\u00e1s el estado cr\u00edtico en su salud, por lo que la recuperaci\u00f3n sigue sobre la marcha.<\/p>\n\n\n\n<p>Lo informado por el Vaticano apunta tambi\u00e9n que el Santo Padre pas\u00f3 una noche tranquila y se encuentra descansando. A trav\u00e9s de un comunicado por la ma\u00f1ana, apuntaron: &#8220;Como en los \u00faltimos d\u00edas, la noche transcurri\u00f3 tranquila y el papa ahora descansa&#8221;.<\/p>\n\n\n\n<p>La \u00faltima informaci\u00f3n que se conoci\u00f3 este jueves apuntaba sobre una mejor\u00eda en el estado de salud del argentino. El pont\u00edfice &#8220;ha dejado atr\u00e1s la fase cr\u00edtica&#8221; en la que lleg\u00f3, hab\u00edan explicado fuentes vaticanas, con un cauto optimismo, ya que su cuadro cl\u00ednico sigue siendo &#8220;complejo&#8221; y su pron\u00f3stico permanece reservado.<\/p>\n\n\n\n<p>Cabe recordar que hace dos d\u00edas que no se menciona en los partes al estado &#8220;cr\u00edtico&#8221; que enfrentaba el papa Francisco, por lo que apuntaron que &#8220;las condiciones cl\u00ednicas del Santo Padre se confirman tambi\u00e9n hoy en mejor\u00eda&#8221;. Adem\u00e1s, agregaron que Bergoglio estaba &#8220;alternando la terapia de ox\u00edgeno a alto flujos con la m\u00e1scara de ox\u00edgeno&#8221;, que aporta niveles m\u00e1s reducidos al paciente.<\/p>\n\n\n\n<p>Papa Francisco en el Vaticano. Foto: EFE.Papa Francisco en el Vaticano. Foto: EFE.<\/p>\n\n\n\n<p>Francisco, de 88 a\u00f1os, fue hospitalizado el pasado 14 de febrero por una bronquitis con infecci\u00f3n polimicrobiana a la que se sum\u00f3 una neumon\u00eda bilateral, un cuadro que alarm\u00f3 sobre todo por su edad y porque le fue extirpado parte de un pulm\u00f3n en su juventud.<\/p>\n\n\n\n<p>Su situaci\u00f3n cl\u00ednica sigue siendo &#8220;compleja&#8221; y, por eso, su pron\u00f3stico permanece reservado y se necesitar\u00e1n &#8220;m\u00e1s d\u00edas de estabilidad cl\u00ednica&#8221; para esclarecer la evoluci\u00f3n de su salud, al menos tendr\u00e1 que pasar este fin de semana.<\/p>\n\n\n\n<p>Este jueves, Francisco se someti\u00f3 a la fisioterapia respiratoria prescrita en los \u00faltimos d\u00edas pero tambi\u00e9n al reposo obligado desde el d\u00eda de su ingreso.<\/p>\n\n\n\n<p>Adem\u00e1s, por la tarde acudi\u00f3 a rezar a la capilla del apartamento privado que los papas tienen en la planta d\u00e9cima en el hospital Gemelli de Roma, a cuyas puertas los fieles han llevado flores y velas para desearle una pronta recuperaci\u00f3n.<\/p>\n\n\n\n<p>Despu\u00e9s se dedic\u00f3, como en los \u00faltimos d\u00edas, a tareas laborales, como estudiar y firmar documentos. Por el momento se han cancelado todos los actos de este s\u00e1bado y tambi\u00e9n el \u00e1ngelus del domingo.<\/p>\n","protected":false},"excerpt":{"rendered":"<p>El Vaticano inform\u00f3 este viernes que el papa pas\u00f3 una noche tranquila, mientras sigue con su descanso en el hospital Gemelli de Roma Hay buenas noticias sobre el estado de salud del Papa Francisco, quien cumpli\u00f3 dos semanas internado en el policl\u00ednico Gemelli de Roma, producto de una serie de problemas respiratorios. Seg\u00fan las \u00faltimas [&hellip;]<\/p>\n","protected":false},"author":2,"featured_media":14757,"comment_status":"open","ping_status":"open","sticky":false,"template":"","format":"standard","meta":{"footnotes":""},"categories":[30],"tags":[1013],"_links":{"self":[{"href":"https:\/\/enlamira.info\/index.php\/wp-json\/wp\/v2\/posts\/14756"}],"collection":[{"href":"https:\/\/enlamira.info\/index.php\/wp-json\/wp\/v2\/posts"}],"about":[{"href":"https:\/\/enlamira.info\/index.php\/wp-json\/wp\/v2\/types\/post"}],"author":[{"embeddable":true,"href":"https:\/\/enlamira.info\/index.php\/wp-json\/wp\/v2\/users\/2"}],"replies":[{"embeddable":true,"href":"https:\/\/enlamira.info\/index.php\/wp-json\/wp\/v2\/comments?post=14756"}],"version-history":[{"count":1,"href":"https:\/\/enlamira.info\/index.php\/wp-json\/wp\/v2\/posts\/14756\/revisions"}],"predecessor-version":[{"id":14758,"href":"https:\/\/enlamira.info\/index.php\/wp-json\/wp\/v2\/posts\/14756\/revisions\/14758"}],"wp:featuredmedia":[{"embeddable":true,"href":"https:\/\/enlamira.info\/index.php\/wp-json\/wp\/v2\/media\/14757"}],"wp:attachment":[{"href":"https:\/\/enlamira.info\/index.php\/wp-json\/wp\/v2\/media?parent=14756"}],"wp:term":[{"taxonomy":"category","embeddable":true,"href":"https:\/\/enlamira.info\/index.php\/wp-json\/wp\/v2\/categories?post=14756"},{"taxonomy":"post_tag","embeddable":true,"href":"https:\/\/enlamira.info\/index.php\/wp-json\/wp\/v2\/tags?post=14756"}],"curies":[{"name":"wp","href":"https:\/\/api.w.org\/{rel}","templated":true}]}}