{"id":14735,"date":"2025-02-25T19:20:29","date_gmt":"2025-02-25T22:20:29","guid":{"rendered":"https:\/\/enlamira.info\/?p=14735"},"modified":"2025-02-25T19:20:29","modified_gmt":"2025-02-25T22:20:29","slug":"ariel-lijo-un-hombre-de-barrio-que-llego-a-la-corte-suprema-de-justicia","status":"publish","type":"post","link":"https:\/\/enlamira.info\/index.php\/2025\/02\/25\/ariel-lijo-un-hombre-de-barrio-que-llego-a-la-corte-suprema-de-justicia\/","title":{"rendered":"ARIEL LIJO: UN HOMBRE DE BARRIO QUE LLEG\u00d3 A LA CORTE SUPREMA DE JUSTICIA"},"content":{"rendered":"\n<p>Por Marcelo Brunwald<\/p>\n\n\n\n<p>El juez que encarcel\u00f3 al vicepresidente de Cristina Kirchner, Amado Boudou, que ha investigado a Mauricio Macri, ha sido designado por decreto por el presidente Javier Milei.<\/p>\n\n\n\n<p>En un movimiento que ha sacudido el \u00e1mbito judicial y pol\u00edtico del pa\u00eds, el presidente Javier Milei ha designado por decreto a Ariel Lijo como nuevo juez de la Corte Suprema de Justicia de la Naci\u00f3n. Lijo, muy querido por sus vecinos, es conocido por su papel en la condena del ex vicepresidente Amado Boudou en el caso Ciccone.<\/p>\n\n\n\n<p>Ariel Lijo, hijo de un matrimonio de docentes y oriundo de Villa Dom\u00ednico, ha tenido una carrera destacada en el \u00e1mbito judicial. &#8220;Suelen verlo en algunos caf\u00e9s de la ciudad o sorprendiendo a la panader\u00eda del barrio con su joggin un domingo por la ma\u00f1ana&#8221;, se\u00f1al\u00f3 un vecino. A pesar de su destacada carrera, ha mantenido su residencia en el mismo barrio donde creci\u00f3. Incluso el a\u00f1o pasado fue declarado ciudadano ilustre de Avellaneda. <\/p>\n\n\n\n<p>Egres\u00f3 como abogado de la Universidad de Buenos Aires, y ya entonces trabajaba en el Poder Judicial, en la C\u00e1mara del Crimen, en la d\u00e9cada de 1990. Actualmente, tiene a cargo el Juzgado Criminal y Correccional Federal n.\u00ba 4, ubicado en Comodoro Py 2002, 3.\u00ba piso, de la Ciudad Aut\u00f3noma de Buenos Aires.<\/p>\n\n\n\n<p>Lijo tambi\u00e9n trabaj\u00f3 en la Defensor\u00eda oficial del Poder Judicial. En 2004, fue nombrado por el presidente N\u00e9stor Kirchner al frente del Juzgado Federal n.\u00ba 4, junto a Daniel Rafecas, Juli\u00e1n Ercolini y Guillermo Montenegro; en aquel momento ten\u00eda 37 a\u00f1os.<\/p>\n\n\n\n<p>En marzo de 2024, fue propuesto por el gobierno de Javier Milei como candidato a juez de la Corte Suprema de Justicia para reemplazar la posici\u00f3n que dej\u00f3 vacante Elena Highton de Nolasco. La designaci\u00f3n, que tambi\u00e9n incluye a Manuel Garc\u00eda-Mansilla, se ha realizado por decreto y ambos jueces ocupar\u00e1n sus cargos hasta la finalizaci\u00f3n del pr\u00f3ximo per\u00edodo legislativo, o hasta su renuncia o fallecimiento.<\/p>\n","protected":false},"excerpt":{"rendered":"<p>Por Marcelo Brunwald El juez que encarcel\u00f3 al vicepresidente de Cristina Kirchner, Amado Boudou, que ha investigado a Mauricio Macri, ha sido designado por decreto por el presidente Javier Milei. En un movimiento que ha sacudido el \u00e1mbito judicial y pol\u00edtico del pa\u00eds, el presidente Javier Milei ha designado por decreto a Ariel Lijo como [&hellip;]<\/p>\n","protected":false},"author":2,"featured_media":14736,"comment_status":"open","ping_status":"open","sticky":false,"template":"","format":"standard","meta":{"footnotes":""},"categories":[1,126,4,20,34],"tags":[1006,1005,1007],"_links":{"self":[{"href":"https:\/\/enlamira.info\/index.php\/wp-json\/wp\/v2\/posts\/14735"}],"collection":[{"href":"https:\/\/enlamira.info\/index.php\/wp-json\/wp\/v2\/posts"}],"about":[{"href":"https:\/\/enlamira.info\/index.php\/wp-json\/wp\/v2\/types\/post"}],"author":[{"embeddable":true,"href":"https:\/\/enlamira.info\/index.php\/wp-json\/wp\/v2\/users\/2"}],"replies":[{"embeddable":true,"href":"https:\/\/enlamira.info\/index.php\/wp-json\/wp\/v2\/comments?post=14735"}],"version-history":[{"count":1,"href":"https:\/\/enlamira.info\/index.php\/wp-json\/wp\/v2\/posts\/14735\/revisions"}],"predecessor-version":[{"id":14737,"href":"https:\/\/enlamira.info\/index.php\/wp-json\/wp\/v2\/posts\/14735\/revisions\/14737"}],"wp:featuredmedia":[{"embeddable":true,"href":"https:\/\/enlamira.info\/index.php\/wp-json\/wp\/v2\/media\/14736"}],"wp:attachment":[{"href":"https:\/\/enlamira.info\/index.php\/wp-json\/wp\/v2\/media?parent=14735"}],"wp:term":[{"taxonomy":"category","embeddable":true,"href":"https:\/\/enlamira.info\/index.php\/wp-json\/wp\/v2\/categories?post=14735"},{"taxonomy":"post_tag","embeddable":true,"href":"https:\/\/enlamira.info\/index.php\/wp-json\/wp\/v2\/tags?post=14735"}],"curies":[{"name":"wp","href":"https:\/\/api.w.org\/{rel}","templated":true}]}}