{"id":1473,"date":"2024-03-19T11:27:17","date_gmt":"2024-03-19T14:27:17","guid":{"rendered":"https:\/\/enlamira.info\/?p=1473"},"modified":"2024-03-19T11:57:58","modified_gmt":"2024-03-19T14:57:58","slug":"riquelme-recogio-el-guante-y-le-respondio-sin-filtro-a-milei-tengo-mucho-trabajo","status":"publish","type":"post","link":"https:\/\/enlamira.info\/index.php\/2024\/03\/19\/riquelme-recogio-el-guante-y-le-respondio-sin-filtro-a-milei-tengo-mucho-trabajo\/","title":{"rendered":"Riquelme recogi\u00f3 el guante y le respondi\u00f3 sin filtro a Milei: \u201cTengo mucho trabajo\u201d"},"content":{"rendered":"\n<p>El presidente de Boca brind\u00f3 declaraciones desde el sorteo de la CONMEBOL Libertadores y Sudamericana<\/p>\n\n\n\n<p>En v\u00edsperas del sorteo de la Copa Libertadores y la Copa Sudamericana, Juan Rom\u00e1n Riquelme brind\u00f3 declaraciones desde la sede de la CONMEBOL donde fue a representar a su club Boca Juniors. El \u00eddolo habl\u00f3 de todos los temas y no le esquiv\u00f3 a las cr\u00edticas que Javier Milei le hizo a su gesti\u00f3n en las \u00faltimas horas.<\/p>\n\n\n\n<p>El exfutbolista hizo un paralelismo entre su trabajo y la tarea del jefe de Estado nacional:\u00a0\u201ctengo mucho trabajo en lo que me toca a m\u00ed, ni me quiero imaginar el trabajo que tiene \u00e9l en su rol\u201d, sostuvo Riquelme<\/p>\n\n\n\n<p>A la vez que le envi\u00f3 un mensaje componedor al primer mandatario nacional, manteni\u00e9ndose lejos de cualquier pol\u00e9mica:\u00a0\u201cLe deseo a Milei toda la suerte del mundo porque soy argentino y quiero que le vaya bien\u201d.<\/p>\n\n\n\n<figure class=\"wp-block-embed is-type-rich is-provider-twitter wp-block-embed-twitter\"><div class=\"wp-block-embed__wrapper\">\n<blockquote class=\"twitter-tweet\" data-width=\"550\" data-dnt=\"true\"><p lang=\"es\" dir=\"ltr\"><a href=\"https:\/\/twitter.com\/hashtag\/AHORA?src=hash&amp;ref_src=twsrc%5Etfw\">#AHORA<\/a> | &quot;Tengo mucho trabajo en lo que me toca a m\u00ed, ni me quiero imaginar \u00e9l en su rol. Le deseo toda la suerte. Soy argentino y quiero que le vaya bien&quot;<br><br>&quot;Que un presidente se acuerde de m\u00ed y sepa mi nombre es un mont\u00f3n&quot;<br><br>\ud83c\udf99\ufe0f<a href=\"https:\/\/twitter.com\/hashtag\/Riquelme?src=hash&amp;ref_src=twsrc%5Etfw\">#Riquelme<\/a> sobre <a href=\"https:\/\/twitter.com\/hashtag\/Milei?src=hash&amp;ref_src=twsrc%5Etfw\">#Milei<\/a> en <a href=\"https:\/\/twitter.com\/DSportsRadio?ref_src=twsrc%5Etfw\">@DSportsRadio<\/a> y <a href=\"https:\/\/twitter.com\/DSports?ref_src=twsrc%5Etfw\">@DSports<\/a> <a href=\"https:\/\/t.co\/1Zvoy8L4Bi\">pic.twitter.com\/1Zvoy8L4Bi<\/a><\/p>&mdash; doble amarilla \u2b50\ufe0f\u2b50\ufe0f\u2b50\ufe0f (@okdobleamarilla) <a href=\"https:\/\/twitter.com\/okdobleamarilla\/status\/1769772653819081100?ref_src=twsrc%5Etfw\">March 18, 2024<\/a><\/blockquote><script async src=\"https:\/\/platform.twitter.com\/widgets.js\" charset=\"utf-8\"><\/script>\n<\/div><\/figure>\n\n\n\n<p>En Asunci\u00f3n, y previo al sorteo de la Copa Sudamericana, Rom\u00e1n expres\u00f3 su sentir: \u201cQue un presidente se acuerde de m\u00ed y sepa mi nombre, para m\u00ed es un mont\u00f3n. Ojal\u00e1 que Milei pueda hacer que los argentinos vivan mejor\u201d, complet\u00f3 el ex \u201c10\u201d de Boca para con el Presidente de la Naci\u00f3n.<\/p>\n","protected":false},"excerpt":{"rendered":"<p>El presidente de Boca brind\u00f3 declaraciones desde el sorteo de la CONMEBOL Libertadores y Sudamericana En v\u00edsperas del sorteo de la Copa Libertadores y la Copa Sudamericana, Juan Rom\u00e1n Riquelme brind\u00f3 declaraciones desde la sede de la CONMEBOL donde fue a representar a su club Boca Juniors. El \u00eddolo habl\u00f3 de todos los temas y [&hellip;]<\/p>\n","protected":false},"author":2,"featured_media":1475,"comment_status":"open","ping_status":"open","sticky":false,"template":"","format":"standard","meta":{"footnotes":""},"categories":[14],"tags":[],"_links":{"self":[{"href":"https:\/\/enlamira.info\/index.php\/wp-json\/wp\/v2\/posts\/1473"}],"collection":[{"href":"https:\/\/enlamira.info\/index.php\/wp-json\/wp\/v2\/posts"}],"about":[{"href":"https:\/\/enlamira.info\/index.php\/wp-json\/wp\/v2\/types\/post"}],"author":[{"embeddable":true,"href":"https:\/\/enlamira.info\/index.php\/wp-json\/wp\/v2\/users\/2"}],"replies":[{"embeddable":true,"href":"https:\/\/enlamira.info\/index.php\/wp-json\/wp\/v2\/comments?post=1473"}],"version-history":[{"count":2,"href":"https:\/\/enlamira.info\/index.php\/wp-json\/wp\/v2\/posts\/1473\/revisions"}],"predecessor-version":[{"id":1477,"href":"https:\/\/enlamira.info\/index.php\/wp-json\/wp\/v2\/posts\/1473\/revisions\/1477"}],"wp:featuredmedia":[{"embeddable":true,"href":"https:\/\/enlamira.info\/index.php\/wp-json\/wp\/v2\/media\/1475"}],"wp:attachment":[{"href":"https:\/\/enlamira.info\/index.php\/wp-json\/wp\/v2\/media?parent=1473"}],"wp:term":[{"taxonomy":"category","embeddable":true,"href":"https:\/\/enlamira.info\/index.php\/wp-json\/wp\/v2\/categories?post=1473"},{"taxonomy":"post_tag","embeddable":true,"href":"https:\/\/enlamira.info\/index.php\/wp-json\/wp\/v2\/tags?post=1473"}],"curies":[{"name":"wp","href":"https:\/\/api.w.org\/{rel}","templated":true}]}}