{"id":1468,"date":"2024-03-19T11:25:46","date_gmt":"2024-03-19T14:25:46","guid":{"rendered":"https:\/\/enlamira.info\/?p=1468"},"modified":"2024-03-19T11:59:06","modified_gmt":"2024-03-19T14:59:06","slug":"sin-messi-la-seleccion-argentina-se-prepara-para-los-amistosos-en-estados-unidos","status":"publish","type":"post","link":"https:\/\/enlamira.info\/index.php\/2024\/03\/19\/sin-messi-la-seleccion-argentina-se-prepara-para-los-amistosos-en-estados-unidos\/","title":{"rendered":"Sin Messi, la Selecci\u00f3n Argentina se prepara para los amistosos en Estados Unidos"},"content":{"rendered":"\n<p>La Albiceleste se medir\u00e1 con El Salvador el pr\u00f3ximo viernes 22 de marzo y frente a Costa Rica el 26 en la preparaci\u00f3n para la Copa Am\u00e9rica.<\/p>\n\n\n\n<p>A medida que las ligas europeas fueron concluyendo su actividad,\u00a0los futbolistas convocados a la selecci\u00f3n argentina se tomaron sus respectivos aviones con el objetivo de viajar rumbo a Estados Unidos para afrontar una nueva ventana internacional en la previa de la Copa Am\u00e9rica. La Albiceleste se enfrentar\u00e1 con El Salvador el viernes 22 de marzo en el Lincoln Financial Field en la ciudad de Filadelfia y el martes 26 del mismo mes frente a Costa Rica en el United Airlines Field at the Memorial Coliseum de Los \u00c1ngeles.<\/p>\n\n\n\n<p>Las redes sociales del combinado nacional se encarg\u00f3 de publicar las primeras im\u00e1genes de los arribos al territorio norteamericano. \u201c\u00a1Hola, muchachos! Los futbolistas de La Scaloneta comenzaron a llegar a la ciudad de Filadelfia\u201d, recit\u00f3 el escrito junto a las fotos de Cristian Romero y Giovani Lo Celso, ambos integrantes del Tottenham Hotspur, seguidos de Juli\u00e1n \u00c1lvarez y Valent\u00edn Carboni.<\/p>\n\n\n\n<p>Mientras tanto, se mantiene la expectativa a si\u00a0Lionel Messi\u00a0dir\u00e1 presente al menos para acompa\u00f1ar al plantel durante los dos amistosos en Estados Unidos ya que todav\u00eda no fue desafectado de manera oficial de la convocatoria.<\/p>\n\n\n\n<p>M\u00e1s tarde, la cuenta subi\u00f3 una grupal donde posaron m\u00e1s jugadores convocados. En un abrazo en el lobby del hotel<em>\u00a0The Ritz-Carlton\u00a0<\/em>se sumaron las presencias de\u00a0Nicol\u00e1s Tagliafico,\u00a0Nehu\u00e9n P\u00e9rez,\u00a0Facundo Buonanotte\u00a0y\u00a0Valent\u00edn Barco, todos luciendo la indumentaria nueva de Argentina con el negro como color principal y una mezcla de detalles celestes y dorados.<\/p>\n\n\n\n<p><em>La Albiceleste<\/em>\u00a0es cabeza de serie del Grupo A de la Copa Am\u00e9rica 2026 y el jueves 20 de junio disputar\u00e1 su primer juego en el\u00a0<em>Mercedes Stadium<\/em>, la casa del Atlanta United en la MLS, frente a\u00a0Trinidad y Tobago\u00a0o\u00a0Canad\u00e1, que definir\u00e1n el boleto el 23 de marzo pr\u00f3ximo.<\/p>\n","protected":false},"excerpt":{"rendered":"<p>La Albiceleste se medir\u00e1 con El Salvador el pr\u00f3ximo viernes 22 de marzo y frente a Costa Rica el 26 en la preparaci\u00f3n para la Copa Am\u00e9rica. A medida que las ligas europeas fueron concluyendo su actividad,\u00a0los futbolistas convocados a la selecci\u00f3n argentina se tomaron sus respectivos aviones con el objetivo de viajar rumbo a [&hellip;]<\/p>\n","protected":false},"author":2,"featured_media":1471,"comment_status":"open","ping_status":"open","sticky":false,"template":"","format":"standard","meta":{"footnotes":""},"categories":[14],"tags":[],"_links":{"self":[{"href":"https:\/\/enlamira.info\/index.php\/wp-json\/wp\/v2\/posts\/1468"}],"collection":[{"href":"https:\/\/enlamira.info\/index.php\/wp-json\/wp\/v2\/posts"}],"about":[{"href":"https:\/\/enlamira.info\/index.php\/wp-json\/wp\/v2\/types\/post"}],"author":[{"embeddable":true,"href":"https:\/\/enlamira.info\/index.php\/wp-json\/wp\/v2\/users\/2"}],"replies":[{"embeddable":true,"href":"https:\/\/enlamira.info\/index.php\/wp-json\/wp\/v2\/comments?post=1468"}],"version-history":[{"count":2,"href":"https:\/\/enlamira.info\/index.php\/wp-json\/wp\/v2\/posts\/1468\/revisions"}],"predecessor-version":[{"id":1472,"href":"https:\/\/enlamira.info\/index.php\/wp-json\/wp\/v2\/posts\/1468\/revisions\/1472"}],"wp:featuredmedia":[{"embeddable":true,"href":"https:\/\/enlamira.info\/index.php\/wp-json\/wp\/v2\/media\/1471"}],"wp:attachment":[{"href":"https:\/\/enlamira.info\/index.php\/wp-json\/wp\/v2\/media?parent=1468"}],"wp:term":[{"taxonomy":"category","embeddable":true,"href":"https:\/\/enlamira.info\/index.php\/wp-json\/wp\/v2\/categories?post=1468"},{"taxonomy":"post_tag","embeddable":true,"href":"https:\/\/enlamira.info\/index.php\/wp-json\/wp\/v2\/tags?post=1468"}],"curies":[{"name":"wp","href":"https:\/\/api.w.org\/{rel}","templated":true}]}}