{"id":14637,"date":"2025-02-22T11:27:51","date_gmt":"2025-02-22T14:27:51","guid":{"rendered":"https:\/\/enlamira.info\/?p=14637"},"modified":"2025-02-22T11:27:51","modified_gmt":"2025-02-22T14:27:51","slug":"avellaneda-hoy-sabado-bomberos-seguian-trabajando-en-el-galpon-incendiado","status":"publish","type":"post","link":"https:\/\/enlamira.info\/index.php\/2025\/02\/22\/avellaneda-hoy-sabado-bomberos-seguian-trabajando-en-el-galpon-incendiado\/","title":{"rendered":"Avellaneda: hoy s\u00e1bado, Bomberos Segu\u00edan Trabajando en el Galp\u00f3n incendiado"},"content":{"rendered":"\n<p>\ud83d\udea8 <strong>Actualizaci\u00f3n de las 12<\/strong>hs \ud83d\udea8<\/p>\n\n\n\n<p>El incendio ha sido controlado en gran medida y el per\u00edmetro se encuentra vallado, pero los bomberos contin\u00faan trabajando arduamente para enfriar los escombros hoy s\u00e1bado. Hasta el momento, no se han reportado v\u00edctimas fatales. Algunos vecinos y bomberos han tenido problemas por inhalaci\u00f3n de humo, pero ninguno de gravedad.<\/p>\n\n\n\n<figure class=\"wp-block-image size-full\"><img loading=\"lazy\" decoding=\"async\" width=\"720\" height=\"949\" src=\"https:\/\/enlamira.info\/wp-content\/uploads\/2025\/02\/453cc894-d332-42f0-8023-49911e117c40-1.jpg\" alt=\"\" class=\"wp-image-14646\" srcset=\"https:\/\/enlamira.info\/wp-content\/uploads\/2025\/02\/453cc894-d332-42f0-8023-49911e117c40-1.jpg 720w, https:\/\/enlamira.info\/wp-content\/uploads\/2025\/02\/453cc894-d332-42f0-8023-49911e117c40-1-228x300.jpg 228w\" sizes=\"(max-width: 720px) 100vw, 720px\" \/><\/figure>\n\n\n\n<figure class=\"wp-block-image size-full\"><img loading=\"lazy\" decoding=\"async\" width=\"720\" height=\"1023\" src=\"https:\/\/enlamira.info\/wp-content\/uploads\/2025\/02\/e7da0770-0e54-4cd0-b318-39b69f2243c6.jpg\" alt=\"\" class=\"wp-image-14647\" srcset=\"https:\/\/enlamira.info\/wp-content\/uploads\/2025\/02\/e7da0770-0e54-4cd0-b318-39b69f2243c6.jpg 720w, https:\/\/enlamira.info\/wp-content\/uploads\/2025\/02\/e7da0770-0e54-4cd0-b318-39b69f2243c6-211x300.jpg 211w\" sizes=\"(max-width: 720px) 100vw, 720px\" \/><\/figure>\n\n\n\n<figure class=\"wp-block-image size-full\"><img loading=\"lazy\" decoding=\"async\" width=\"720\" height=\"1023\" src=\"https:\/\/enlamira.info\/wp-content\/uploads\/2025\/02\/eb1f5268-0e8e-4109-bcb1-ee2be5a081b3.jpg\" alt=\"\" class=\"wp-image-14648\" srcset=\"https:\/\/enlamira.info\/wp-content\/uploads\/2025\/02\/eb1f5268-0e8e-4109-bcb1-ee2be5a081b3.jpg 720w, https:\/\/enlamira.info\/wp-content\/uploads\/2025\/02\/eb1f5268-0e8e-4109-bcb1-ee2be5a081b3-211x300.jpg 211w\" sizes=\"(max-width: 720px) 100vw, 720px\" \/><\/figure>\n\n\n\n<figure class=\"wp-block-image size-full\"><img loading=\"lazy\" decoding=\"async\" width=\"720\" height=\"997\" src=\"https:\/\/enlamira.info\/wp-content\/uploads\/2025\/02\/25194b8d-17f0-44d5-aa60-4f5ed51f022b.jpg\" alt=\"\" class=\"wp-image-14649\" srcset=\"https:\/\/enlamira.info\/wp-content\/uploads\/2025\/02\/25194b8d-17f0-44d5-aa60-4f5ed51f022b.jpg 720w, https:\/\/enlamira.info\/wp-content\/uploads\/2025\/02\/25194b8d-17f0-44d5-aa60-4f5ed51f022b-217x300.jpg 217w\" sizes=\"(max-width: 720px) 100vw, 720px\" \/><\/figure>\n\n\n\n<p>La destacable labor de los bomberos voluntarios de toda la zona sur ha sido crucial. A\u00fan resta la remoci\u00f3n de escombros y la realizaci\u00f3n de los peritajes correspondientes.<\/p>\n\n\n\n<p><strong>Detalles del Incidente:<\/strong><\/p>\n\n\n\n<ul>\n<li>El incendio comenz\u00f3 aproximadamente a las 20:20 horas en un dep\u00f3sito ubicado en la calle Chacabuco 156, con salida a calle Belisario Hueyo 159\/79.<\/li>\n\n\n\n<li>El dep\u00f3sito se utilizaba para el almacenamiento, acondicionamiento y distribuci\u00f3n de art\u00edculos de librer\u00eda, papeler\u00eda escolar y comercial, art\u00edculos de oficina y textiles de marroquiner\u00eda.<\/li>\n\n\n\n<li>No hab\u00eda personas en el edificio al momento del incendio.<\/li>\n\n\n\n<li><\/li>\n<\/ul>\n\n\n\n<p><strong>Intervenci\u00f3n de Bomberos:<\/strong><\/p>\n\n\n\n<ul>\n<li>En el combate del incendio participan los 5 cuarteles de bomberos voluntarios de Avellaneda.<\/li>\n\n\n\n<li>Se est\u00e1 trabajando con 25 autobombas.<\/li>\n\n\n\n<li>Hasta el momento no se han reportado heridos graves, aunque se ha asistido a bomberos por inhalaci\u00f3n de humo sin complicaciones.<\/li>\n\n\n\n<li>Como medida preventiva, se evacuaron las torres 5 y 6 situadas frente a la calle Belisario Hueyo.<\/li>\n<\/ul>\n\n\n\n<figure class=\"wp-block-embed is-type-video is-provider-youtube wp-block-embed-youtube wp-embed-aspect-16-9 wp-has-aspect-ratio\"><div class=\"wp-block-embed__wrapper\">\n<iframe loading=\"lazy\" title=\"URGENTE FEROZ INCENDIO Y DERRUMBE EN AVELLANEDA\" width=\"640\" height=\"360\" src=\"https:\/\/www.youtube.com\/embed\/AfdH5yf3dG0?feature=oembed\" frameborder=\"0\" allow=\"accelerometer; autoplay; clipboard-write; encrypted-media; gyroscope; picture-in-picture; web-share\" referrerpolicy=\"strict-origin-when-cross-origin\" allowfullscreen><\/iframe>\n<\/div><\/figure>\n\n\n\n<figure class=\"wp-block-embed is-type-video is-provider-youtube wp-block-embed-youtube wp-embed-aspect-16-9 wp-has-aspect-ratio\"><div class=\"wp-block-embed__wrapper\">\n<iframe loading=\"lazy\" title=\"Incendio en Avellaneda\" width=\"640\" height=\"360\" src=\"https:\/\/www.youtube.com\/embed\/I5hkneWofMg?feature=oembed\" frameborder=\"0\" allow=\"accelerometer; autoplay; clipboard-write; encrypted-media; gyroscope; picture-in-picture; web-share\" referrerpolicy=\"strict-origin-when-cross-origin\" allowfullscreen><\/iframe>\n<\/div><\/figure>\n","protected":false},"excerpt":{"rendered":"<p>\ud83d\udea8 Actualizaci\u00f3n de las 12hs \ud83d\udea8 El incendio ha sido controlado en gran medida y el per\u00edmetro se encuentra vallado, pero los bomberos contin\u00faan trabajando arduamente para enfriar los escombros hoy s\u00e1bado. Hasta el momento, no se han reportado v\u00edctimas fatales. Algunos vecinos y bomberos han tenido problemas por inhalaci\u00f3n de humo, pero ninguno de [&hellip;]<\/p>\n","protected":false},"author":2,"featured_media":14645,"comment_status":"open","ping_status":"open","sticky":false,"template":"","format":"standard","meta":{"footnotes":""},"categories":[1,32],"tags":[982,983],"_links":{"self":[{"href":"https:\/\/enlamira.info\/index.php\/wp-json\/wp\/v2\/posts\/14637"}],"collection":[{"href":"https:\/\/enlamira.info\/index.php\/wp-json\/wp\/v2\/posts"}],"about":[{"href":"https:\/\/enlamira.info\/index.php\/wp-json\/wp\/v2\/types\/post"}],"author":[{"embeddable":true,"href":"https:\/\/enlamira.info\/index.php\/wp-json\/wp\/v2\/users\/2"}],"replies":[{"embeddable":true,"href":"https:\/\/enlamira.info\/index.php\/wp-json\/wp\/v2\/comments?post=14637"}],"version-history":[{"count":1,"href":"https:\/\/enlamira.info\/index.php\/wp-json\/wp\/v2\/posts\/14637\/revisions"}],"predecessor-version":[{"id":14650,"href":"https:\/\/enlamira.info\/index.php\/wp-json\/wp\/v2\/posts\/14637\/revisions\/14650"}],"wp:featuredmedia":[{"embeddable":true,"href":"https:\/\/enlamira.info\/index.php\/wp-json\/wp\/v2\/media\/14645"}],"wp:attachment":[{"href":"https:\/\/enlamira.info\/index.php\/wp-json\/wp\/v2\/media?parent=14637"}],"wp:term":[{"taxonomy":"category","embeddable":true,"href":"https:\/\/enlamira.info\/index.php\/wp-json\/wp\/v2\/categories?post=14637"},{"taxonomy":"post_tag","embeddable":true,"href":"https:\/\/enlamira.info\/index.php\/wp-json\/wp\/v2\/tags?post=14637"}],"curies":[{"name":"wp","href":"https:\/\/api.w.org\/{rel}","templated":true}]}}