{"id":14636,"date":"2025-02-22T11:12:31","date_gmt":"2025-02-22T14:12:31","guid":{"rendered":"https:\/\/enlamira.info\/?p=14636"},"modified":"2025-02-22T11:12:31","modified_gmt":"2025-02-22T14:12:31","slug":"expo-avellaneda-gastronomicos-un-fin-de-semana-para-disfrutar","status":"publish","type":"post","link":"https:\/\/enlamira.info\/index.php\/2025\/02\/22\/expo-avellaneda-gastronomicos-un-fin-de-semana-para-disfrutar\/","title":{"rendered":"Expo Avellaneda Gastron\u00f3micos: Un Fin de Semana para Disfrutar"},"content":{"rendered":"\n<p>El pr\u00f3ximo fin de semana, s\u00e1bado 22 y domingo 23 de febrero, de 18:00 a 00:00 horas, se llevar\u00e1 a cabo la <strong>Expo Avellaneda Gastron\u00f3micos<\/strong> en el Parque La Estaci\u00f3n, ubicado en Av. G\u00fcemes al 700.<\/p>\n\n\n\n<p>El evento contar\u00e1 con una gran variedad de puestos gastron\u00f3micos, donde los asistentes podr\u00e1n degustar una amplia oferta de deliciosos platos y bebidas. Adem\u00e1s, habr\u00e1 m\u00fasica en vivo para amenizar las jornadas y crear un ambiente festivo.<\/p>\n\n\n\n<p>Este encuentro es una oportunidad perfecta para disfrutar de la gastronom\u00eda local en un entorno al aire libre, compartir momentos con amigos y familia, y conocer nuevas propuestas culinarias. \u00a1No te lo pierdas!\ud83c\udf74\ud83c\udfb6<\/p>\n","protected":false},"excerpt":{"rendered":"<p>El pr\u00f3ximo fin de semana, s\u00e1bado 22 y domingo 23 de febrero, de 18:00 a 00:00 horas, se llevar\u00e1 a cabo la Expo Avellaneda Gastron\u00f3micos en el Parque La Estaci\u00f3n, ubicado en Av. G\u00fcemes al 700. El evento contar\u00e1 con una gran variedad de puestos gastron\u00f3micos, donde los asistentes podr\u00e1n degustar una amplia oferta de [&hellip;]<\/p>\n","protected":false},"author":2,"featured_media":14643,"comment_status":"open","ping_status":"open","sticky":false,"template":"","format":"standard","meta":{"footnotes":""},"categories":[1,34],"tags":[981],"_links":{"self":[{"href":"https:\/\/enlamira.info\/index.php\/wp-json\/wp\/v2\/posts\/14636"}],"collection":[{"href":"https:\/\/enlamira.info\/index.php\/wp-json\/wp\/v2\/posts"}],"about":[{"href":"https:\/\/enlamira.info\/index.php\/wp-json\/wp\/v2\/types\/post"}],"author":[{"embeddable":true,"href":"https:\/\/enlamira.info\/index.php\/wp-json\/wp\/v2\/users\/2"}],"replies":[{"embeddable":true,"href":"https:\/\/enlamira.info\/index.php\/wp-json\/wp\/v2\/comments?post=14636"}],"version-history":[{"count":1,"href":"https:\/\/enlamira.info\/index.php\/wp-json\/wp\/v2\/posts\/14636\/revisions"}],"predecessor-version":[{"id":14644,"href":"https:\/\/enlamira.info\/index.php\/wp-json\/wp\/v2\/posts\/14636\/revisions\/14644"}],"wp:featuredmedia":[{"embeddable":true,"href":"https:\/\/enlamira.info\/index.php\/wp-json\/wp\/v2\/media\/14643"}],"wp:attachment":[{"href":"https:\/\/enlamira.info\/index.php\/wp-json\/wp\/v2\/media?parent=14636"}],"wp:term":[{"taxonomy":"category","embeddable":true,"href":"https:\/\/enlamira.info\/index.php\/wp-json\/wp\/v2\/categories?post=14636"},{"taxonomy":"post_tag","embeddable":true,"href":"https:\/\/enlamira.info\/index.php\/wp-json\/wp\/v2\/tags?post=14636"}],"curies":[{"name":"wp","href":"https:\/\/api.w.org\/{rel}","templated":true}]}}