{"id":14625,"date":"2025-02-20T21:31:50","date_gmt":"2025-02-21T00:31:50","guid":{"rendered":"https:\/\/enlamira.info\/?p=14625"},"modified":"2025-02-20T21:31:50","modified_gmt":"2025-02-21T00:31:50","slug":"denuncian-al-sindicato-ate-en-avellaneda-utiles-escolares-negados-a-sus-afiliados","status":"publish","type":"post","link":"https:\/\/enlamira.info\/index.php\/2025\/02\/20\/denuncian-al-sindicato-ate-en-avellaneda-utiles-escolares-negados-a-sus-afiliados\/","title":{"rendered":"Denuncian al sindicato ATE en Avellaneda: \u00datiles escolares negados a sus afiliados"},"content":{"rendered":"\n<p>Afiliados de Avellaneda acusan al sindicato ATE de no entregar \u00fatiles escolares. La denuncia apunta a la negativa del sindicato debido a la falta de descuento de la cuota social de ATE.<\/p>\n\n\n\n<p>&#8220;Quiero denunciar al sindicato ATE porque no le van a dar los \u00fatiles escolares a los afiliados municipales, solo porque no les descuentan la cuota social de ATE,&#8221; expres\u00f3 uno de los afiliados indignados. La situaci\u00f3n ha generado un gran malestar entre los trabajadores que dependen de estos beneficios.<\/p>\n\n\n\n<p>Los afiliados aseguran que, aunque todos los meses se les descuenta la cuota sindical, el sindicato no les proporciona los \u00fatiles escolares necesarios para sus hijos. &#8220;Es una verg\u00fcenza. Lo hago porque ya me cans\u00e9 que nos usen para la elecci\u00f3n sindical en Avellaneda,&#8221; agreg\u00f3 el denunciante, reflejando el descontento de muchos compa\u00f1eros.<\/p>\n\n\n\n<p>Adem\u00e1s, el denunciante resalt\u00f3 la dif\u00edcil situaci\u00f3n econ\u00f3mica de algunos afiliados: &#8220;No piensan que hay compa\u00f1eros que no pueden comprar los \u00fatiles.&#8221; Esta problem\u00e1tica pone de manifiesto la necesidad de una respuesta urgente y justa por parte del sindicato ATE.<\/p>\n","protected":false},"excerpt":{"rendered":"<p>Afiliados de Avellaneda acusan al sindicato ATE de no entregar \u00fatiles escolares. La denuncia apunta a la negativa del sindicato debido a la falta de descuento de la cuota social de ATE. &#8220;Quiero denunciar al sindicato ATE porque no le van a dar los \u00fatiles escolares a los afiliados municipales, solo porque no les descuentan [&hellip;]<\/p>\n","protected":false},"author":2,"featured_media":14626,"comment_status":"open","ping_status":"open","sticky":false,"template":"","format":"standard","meta":{"footnotes":""},"categories":[1,20],"tags":[977],"_links":{"self":[{"href":"https:\/\/enlamira.info\/index.php\/wp-json\/wp\/v2\/posts\/14625"}],"collection":[{"href":"https:\/\/enlamira.info\/index.php\/wp-json\/wp\/v2\/posts"}],"about":[{"href":"https:\/\/enlamira.info\/index.php\/wp-json\/wp\/v2\/types\/post"}],"author":[{"embeddable":true,"href":"https:\/\/enlamira.info\/index.php\/wp-json\/wp\/v2\/users\/2"}],"replies":[{"embeddable":true,"href":"https:\/\/enlamira.info\/index.php\/wp-json\/wp\/v2\/comments?post=14625"}],"version-history":[{"count":1,"href":"https:\/\/enlamira.info\/index.php\/wp-json\/wp\/v2\/posts\/14625\/revisions"}],"predecessor-version":[{"id":14627,"href":"https:\/\/enlamira.info\/index.php\/wp-json\/wp\/v2\/posts\/14625\/revisions\/14627"}],"wp:featuredmedia":[{"embeddable":true,"href":"https:\/\/enlamira.info\/index.php\/wp-json\/wp\/v2\/media\/14626"}],"wp:attachment":[{"href":"https:\/\/enlamira.info\/index.php\/wp-json\/wp\/v2\/media?parent=14625"}],"wp:term":[{"taxonomy":"category","embeddable":true,"href":"https:\/\/enlamira.info\/index.php\/wp-json\/wp\/v2\/categories?post=14625"},{"taxonomy":"post_tag","embeddable":true,"href":"https:\/\/enlamira.info\/index.php\/wp-json\/wp\/v2\/tags?post=14625"}],"curies":[{"name":"wp","href":"https:\/\/api.w.org\/{rel}","templated":true}]}}