{"id":1460,"date":"2024-03-19T11:23:42","date_gmt":"2024-03-19T14:23:42","guid":{"rendered":"https:\/\/enlamira.info\/?p=1460"},"modified":"2024-03-19T12:01:28","modified_gmt":"2024-03-19T15:01:28","slug":"de-no-creer-fue-convocado-por-bielsa-en-uruguay-le-cambiaron-el-vuelo-y-quedo-desafectado","status":"publish","type":"post","link":"https:\/\/enlamira.info\/index.php\/2024\/03\/19\/de-no-creer-fue-convocado-por-bielsa-en-uruguay-le-cambiaron-el-vuelo-y-quedo-desafectado\/","title":{"rendered":"De no creer: fue convocado por Bielsa en Uruguay, le cambiaron el vuelo y qued\u00f3 desafectado"},"content":{"rendered":"\n<p>El futbolista termin\u00f3 siendo reemplazado por otro jugador en la lista de citados<\/p>\n\n\n\n<p>Al igual que como est\u00e1 ocurriendo con la\u00a0Selecci\u00f3n\u00a0Argentina, en Uruguay ya se van sumando los convocados por\u00a0Marcelo\u00a0Bielsa\u00a0para la doble fecha FIFA de marzo.<\/p>\n\n\n\n<p>El combinado charr\u00faa, en su caso,\u00a0se medir\u00e1 en amistosos contra la Selecci\u00f3n del Pa\u00eds Vasco en el Estadio San Mam\u00e9s de Bilbao -Espa\u00f1a-, y luego cerrar\u00e1 contra Costa de Marfil.<\/p>\n\n\n\n<p>Bielsa sorprendi\u00f3 con la inclusi\u00f3n de algunos jugadores en la lista, como ocurri\u00f3 por ejemplo con\u00a0Nicol\u00e1s\u00a0Fonseca, el actual jugador de\u00a0River.<\/p>\n\n\n\n<p>Pero todos los ojos se los termin\u00f3 llevando\u00a0Joaqu\u00edn Piquerez,\u00a0defensor del\u00a0Palmeiras\u00a0que\u00a0hab\u00eda sido citado, pero termin\u00f3 quedando marginado por una situaci\u00f3n in\u00e9dita.<\/p>\n\n\n\n<p>Incre\u00edblemente, desde la Asociaci\u00f3n Uruguaya de F\u00fatbol\u00a0le quisieron reprogramar el vuelo en avi\u00f3n a Piquerez para que viaje ayer por la tarde, cuando deb\u00eda hacerlo hoy.<\/p>\n\n\n\n<p>En el club brasile\u00f1o aclararon que no iba a ser posible\u00a0que el futbolista viaje ayer, y\u00a0por esta situaci\u00f3n termin\u00f3 siendo desafectado de la lista\u00a0y lo reemplazaron r\u00e1pidamente por otro jugador.<\/p>\n","protected":false},"excerpt":{"rendered":"<p>El futbolista termin\u00f3 siendo reemplazado por otro jugador en la lista de citados Al igual que como est\u00e1 ocurriendo con la\u00a0Selecci\u00f3n\u00a0Argentina, en Uruguay ya se van sumando los convocados por\u00a0Marcelo\u00a0Bielsa\u00a0para la doble fecha FIFA de marzo. El combinado charr\u00faa, en su caso,\u00a0se medir\u00e1 en amistosos contra la Selecci\u00f3n del Pa\u00eds Vasco en el Estadio San [&hellip;]<\/p>\n","protected":false},"author":2,"featured_media":1462,"comment_status":"open","ping_status":"open","sticky":false,"template":"","format":"standard","meta":{"footnotes":""},"categories":[14],"tags":[],"_links":{"self":[{"href":"https:\/\/enlamira.info\/index.php\/wp-json\/wp\/v2\/posts\/1460"}],"collection":[{"href":"https:\/\/enlamira.info\/index.php\/wp-json\/wp\/v2\/posts"}],"about":[{"href":"https:\/\/enlamira.info\/index.php\/wp-json\/wp\/v2\/types\/post"}],"author":[{"embeddable":true,"href":"https:\/\/enlamira.info\/index.php\/wp-json\/wp\/v2\/users\/2"}],"replies":[{"embeddable":true,"href":"https:\/\/enlamira.info\/index.php\/wp-json\/wp\/v2\/comments?post=1460"}],"version-history":[{"count":2,"href":"https:\/\/enlamira.info\/index.php\/wp-json\/wp\/v2\/posts\/1460\/revisions"}],"predecessor-version":[{"id":1463,"href":"https:\/\/enlamira.info\/index.php\/wp-json\/wp\/v2\/posts\/1460\/revisions\/1463"}],"wp:featuredmedia":[{"embeddable":true,"href":"https:\/\/enlamira.info\/index.php\/wp-json\/wp\/v2\/media\/1462"}],"wp:attachment":[{"href":"https:\/\/enlamira.info\/index.php\/wp-json\/wp\/v2\/media?parent=1460"}],"wp:term":[{"taxonomy":"category","embeddable":true,"href":"https:\/\/enlamira.info\/index.php\/wp-json\/wp\/v2\/categories?post=1460"},{"taxonomy":"post_tag","embeddable":true,"href":"https:\/\/enlamira.info\/index.php\/wp-json\/wp\/v2\/tags?post=1460"}],"curies":[{"name":"wp","href":"https:\/\/api.w.org\/{rel}","templated":true}]}}