{"id":1456,"date":"2024-03-19T11:22:06","date_gmt":"2024-03-19T14:22:06","guid":{"rendered":"https:\/\/enlamira.info\/?p=1456"},"modified":"2024-03-19T12:03:04","modified_gmt":"2024-03-19T15:03:04","slug":"estudiantes-comunico-el-parte-medico-de-altamirano-tras-sufrir-una-convulsion-ante-boca","status":"publish","type":"post","link":"https:\/\/enlamira.info\/index.php\/2024\/03\/19\/estudiantes-comunico-el-parte-medico-de-altamirano-tras-sufrir-una-convulsion-ante-boca\/","title":{"rendered":"Estudiantes comunic\u00f3 el parte m\u00e9dico de Altamirano tras sufrir una convulsi\u00f3n ante Boca"},"content":{"rendered":"\n<p>El mediocampista permanece estable y seguir\u00e1 internado para que se le contin\u00faen realizando estudios<\/p>\n\n\n\n<p>La jornada de anoche ten\u00eda todo dado para ser una gran fiesta deportiva, pero termin\u00f3 siendo todo lo contrario: el encuentro entre\u00a0Esutdiantes\u00a0y\u00a0Boca, por la fecha 11 de la Copa de la Liga Profesional,\u00a0fue suspendido debido a que Javier Altamirano sufri\u00f3 un cuadro de convulsi\u00f3n.<\/p>\n\n\n\n<p>Cuanfo transcurr\u00eda el minuto 27 de la primera parte, el mediocampista del&nbsp;<em>Pincha<\/em>&nbsp;se desvaneci\u00f3 en el medio de la cancha, y luego tuvo que ser trasladado en ambulancia hasta el hospital m\u00e1s cercano.<\/p>\n\n\n\n<p>Si bien ya hab\u00eda recuperado el conocimiento, qued\u00f3 toda la noche en terapia intensiva y se le siguieron realizando estudios, hasta que este lunes sali\u00f3 su parte m\u00e9dico oficial.<\/p>\n\n\n\n<p>Estudiantes\u00a0comunic\u00f3 mediante sus redes sociales qu\u00e9 es lo que tiene\u00a0Altamirano:\u00a0\u201cLuego de los estudios realizados en el d\u00eda de hoy, se determin\u00f3 que la causa de la convulsi\u00f3n sufrida por el jugador fue una trombosis del seno longitudinal superior (cerebro)\u201d, detallaron.<\/p>\n\n\n\n<p>Y luego cerraron:\u00a0\u201cSe encuentra estable, con la medicaci\u00f3n adecuada y a la espera de otros estudios. Permanecer\u00e1 internado para control evolutivo\u201d.<\/p>\n\n\n\n<p>Todo el f\u00fatbol argentino se solidariza con el futbolista, su familia y el club, y le desea una pronta y sana recuperaci\u00f3n. \u00a1Fuerza,\u00a0Altamirano!<\/p>\n","protected":false},"excerpt":{"rendered":"<p>El mediocampista permanece estable y seguir\u00e1 internado para que se le contin\u00faen realizando estudios La jornada de anoche ten\u00eda todo dado para ser una gran fiesta deportiva, pero termin\u00f3 siendo todo lo contrario: el encuentro entre\u00a0Esutdiantes\u00a0y\u00a0Boca, por la fecha 11 de la Copa de la Liga Profesional,\u00a0fue suspendido debido a que Javier Altamirano sufri\u00f3 un [&hellip;]<\/p>\n","protected":false},"author":2,"featured_media":1458,"comment_status":"open","ping_status":"open","sticky":false,"template":"","format":"standard","meta":{"footnotes":""},"categories":[14],"tags":[],"_links":{"self":[{"href":"https:\/\/enlamira.info\/index.php\/wp-json\/wp\/v2\/posts\/1456"}],"collection":[{"href":"https:\/\/enlamira.info\/index.php\/wp-json\/wp\/v2\/posts"}],"about":[{"href":"https:\/\/enlamira.info\/index.php\/wp-json\/wp\/v2\/types\/post"}],"author":[{"embeddable":true,"href":"https:\/\/enlamira.info\/index.php\/wp-json\/wp\/v2\/users\/2"}],"replies":[{"embeddable":true,"href":"https:\/\/enlamira.info\/index.php\/wp-json\/wp\/v2\/comments?post=1456"}],"version-history":[{"count":2,"href":"https:\/\/enlamira.info\/index.php\/wp-json\/wp\/v2\/posts\/1456\/revisions"}],"predecessor-version":[{"id":1459,"href":"https:\/\/enlamira.info\/index.php\/wp-json\/wp\/v2\/posts\/1456\/revisions\/1459"}],"wp:featuredmedia":[{"embeddable":true,"href":"https:\/\/enlamira.info\/index.php\/wp-json\/wp\/v2\/media\/1458"}],"wp:attachment":[{"href":"https:\/\/enlamira.info\/index.php\/wp-json\/wp\/v2\/media?parent=1456"}],"wp:term":[{"taxonomy":"category","embeddable":true,"href":"https:\/\/enlamira.info\/index.php\/wp-json\/wp\/v2\/categories?post=1456"},{"taxonomy":"post_tag","embeddable":true,"href":"https:\/\/enlamira.info\/index.php\/wp-json\/wp\/v2\/tags?post=1456"}],"curies":[{"name":"wp","href":"https:\/\/api.w.org\/{rel}","templated":true}]}}