{"id":14406,"date":"2025-02-07T19:50:24","date_gmt":"2025-02-07T22:50:24","guid":{"rendered":"https:\/\/enlamira.info\/?p=14406"},"modified":"2025-02-07T19:50:24","modified_gmt":"2025-02-07T22:50:24","slug":"un-micro-viajo-desde-la-costa-a-retiro-sin-aire-acondicionado-todos-los-pasajeros-se-descompensaron","status":"publish","type":"post","link":"https:\/\/enlamira.info\/index.php\/2025\/02\/07\/un-micro-viajo-desde-la-costa-a-retiro-sin-aire-acondicionado-todos-los-pasajeros-se-descompensaron\/","title":{"rendered":"Un micro viaj\u00f3 desde la Costa a Retiro sin aire acondicionado: todos los pasajeros se descompensaron"},"content":{"rendered":"\n<p>&#8220;Se cort\u00f3 el aire acondicionado&#8221;, explic\u00f3 al m\u00f3vil de C5N uno de los pasajeros, reci\u00e9n llegado a la Terminal de Retiro, que defini\u00f3 al viaje como &#8220;un suplicio&#8221;.<\/p>\n\n\n\n<p>Un micro viaj\u00f3 desde la Costa a Retiro sin aire acondicionado.<\/p>\n\n\n\n<p>Los pasajeros de un micro, que viaj\u00f3 desde el Partido de la Costa hasta la Ciudad de Buenos Aires sin aire acondicionado, sufrieron un golpe de calor y se descompensaron.<\/p>\n\n\n\n<p>&#8220;Se cort\u00f3 el aire acondicionado&#8221;, explic\u00f3 al m\u00f3vil de C5N uno de los pasajeros, reci\u00e9n llegado a la Terminal de Retiro, que defini\u00f3 al viaje como &#8220;un suplicio&#8221;.<\/p>\n\n\n\n<p>Seg\u00fan su testimonio, algunos de los viajeros bajaron del colectivo luego de quedar varados a tomar aire: &#8220;Estuvimos en la ruta, a pleno sol&#8221;. &#8220;Esperamos otros micros de otras empresas y ninguno nos levant\u00f3&#8221;, agreg\u00f3.<\/p>\n\n\n\n<p>En el viaje viajaban &#8220;mujeres con beb\u00e9s, familias enteras con chicos&#8221;, que debieron esperar varias horas en medio de la ruta hasta ser auxiliados.<\/p>\n\n\n\n<p>&#8220;Pero no es casualidad. Con la misma empresa, a la ida, se rompi\u00f3 una correa del aire y el mismo chofer la tuvo que reparar. Una hora parados en la ruta esperando que lo reparen&#8221;, cont\u00f3 el hombre.<\/p>\n","protected":false},"excerpt":{"rendered":"<p>&#8220;Se cort\u00f3 el aire acondicionado&#8221;, explic\u00f3 al m\u00f3vil de C5N uno de los pasajeros, reci\u00e9n llegado a la Terminal de Retiro, que defini\u00f3 al viaje como &#8220;un suplicio&#8221;. Un micro viaj\u00f3 desde la Costa a Retiro sin aire acondicionado. Los pasajeros de un micro, que viaj\u00f3 desde el Partido de la Costa hasta la Ciudad [&hellip;]<\/p>\n","protected":false},"author":2,"featured_media":14407,"comment_status":"open","ping_status":"open","sticky":false,"template":"","format":"standard","meta":{"footnotes":""},"categories":[1,5],"tags":[899],"_links":{"self":[{"href":"https:\/\/enlamira.info\/index.php\/wp-json\/wp\/v2\/posts\/14406"}],"collection":[{"href":"https:\/\/enlamira.info\/index.php\/wp-json\/wp\/v2\/posts"}],"about":[{"href":"https:\/\/enlamira.info\/index.php\/wp-json\/wp\/v2\/types\/post"}],"author":[{"embeddable":true,"href":"https:\/\/enlamira.info\/index.php\/wp-json\/wp\/v2\/users\/2"}],"replies":[{"embeddable":true,"href":"https:\/\/enlamira.info\/index.php\/wp-json\/wp\/v2\/comments?post=14406"}],"version-history":[{"count":1,"href":"https:\/\/enlamira.info\/index.php\/wp-json\/wp\/v2\/posts\/14406\/revisions"}],"predecessor-version":[{"id":14408,"href":"https:\/\/enlamira.info\/index.php\/wp-json\/wp\/v2\/posts\/14406\/revisions\/14408"}],"wp:featuredmedia":[{"embeddable":true,"href":"https:\/\/enlamira.info\/index.php\/wp-json\/wp\/v2\/media\/14407"}],"wp:attachment":[{"href":"https:\/\/enlamira.info\/index.php\/wp-json\/wp\/v2\/media?parent=14406"}],"wp:term":[{"taxonomy":"category","embeddable":true,"href":"https:\/\/enlamira.info\/index.php\/wp-json\/wp\/v2\/categories?post=14406"},{"taxonomy":"post_tag","embeddable":true,"href":"https:\/\/enlamira.info\/index.php\/wp-json\/wp\/v2\/tags?post=14406"}],"curies":[{"name":"wp","href":"https:\/\/api.w.org\/{rel}","templated":true}]}}