{"id":14399,"date":"2025-02-07T19:21:07","date_gmt":"2025-02-07T22:21:07","guid":{"rendered":"https:\/\/enlamira.info\/?p=14399"},"modified":"2025-02-07T19:21:07","modified_gmt":"2025-02-07T22:21:07","slug":"vecinos-de-lanus-exigen-seguridad-en-protesta-masiva-esto-es-zona-liberada","status":"publish","type":"post","link":"https:\/\/enlamira.info\/index.php\/2025\/02\/07\/vecinos-de-lanus-exigen-seguridad-en-protesta-masiva-esto-es-zona-liberada\/","title":{"rendered":"Vecinos de Lan\u00fas exigen seguridad en protesta masiva: &#8220;Esto es zona liberada&#8221;"},"content":{"rendered":"\n<p>Los vecinos del Barrio Santa Teresita de Lan\u00fas y sus alrededores se han unido en una masiva protesta para exigir seguridad, tras una creciente ola de robos violentos a cualquier hora del d\u00eda. Los manifestantes cortaron Camino General Belgrano en la intersecci\u00f3n con Posadas y prometen no moverse hasta que las autoridades garanticen su seguridad.<\/p>\n\n\n\n<figure class=\"wp-block-embed is-type-video is-provider-youtube wp-block-embed-youtube wp-embed-aspect-16-9 wp-has-aspect-ratio\"><div class=\"wp-block-embed__wrapper\">\n<iframe loading=\"lazy\" title=\"Vecinos de Lan\u00fas exigen seguridad en protesta masiva: &quot;Esto es zona liberada&quot;\" width=\"640\" height=\"360\" src=\"https:\/\/www.youtube.com\/embed\/D4WJV8xGNK4?feature=oembed\" frameborder=\"0\" allow=\"accelerometer; autoplay; clipboard-write; encrypted-media; gyroscope; picture-in-picture; web-share\" referrerpolicy=\"strict-origin-when-cross-origin\" allowfullscreen><\/iframe>\n<\/div><\/figure>\n\n\n\n<hr class=\"wp-block-separator has-alpha-channel-opacity\"\/>\n\n\n\n<p>La tarde de este jueves, vecinos del Barrio Santa Teresita y zonas aleda\u00f1as en Lan\u00fas salieron a las calles para protestar contra la creciente inseguridad que afecta a su comunidad. &#8220;Esto es zona liberada y nadie da la cara&#8221;, denuncian los manifestantes, cansados de los constantes robos y la falta de respuesta por parte de las autoridades.<\/p>\n\n\n\n<figure class=\"wp-block-image size-large\"><img loading=\"lazy\" decoding=\"async\" width=\"576\" height=\"1024\" src=\"https:\/\/enlamira.info\/wp-content\/uploads\/2025\/02\/WhatsApp-Image-2025-02-07-at-18.56.13-576x1024.jpeg\" alt=\"\" class=\"wp-image-14401\" srcset=\"https:\/\/enlamira.info\/wp-content\/uploads\/2025\/02\/WhatsApp-Image-2025-02-07-at-18.56.13-576x1024.jpeg 576w, https:\/\/enlamira.info\/wp-content\/uploads\/2025\/02\/WhatsApp-Image-2025-02-07-at-18.56.13-169x300.jpeg 169w, https:\/\/enlamira.info\/wp-content\/uploads\/2025\/02\/WhatsApp-Image-2025-02-07-at-18.56.13-768x1366.jpeg 768w, https:\/\/enlamira.info\/wp-content\/uploads\/2025\/02\/WhatsApp-Image-2025-02-07-at-18.56.13-864x1536.jpeg 864w, https:\/\/enlamira.info\/wp-content\/uploads\/2025\/02\/WhatsApp-Image-2025-02-07-at-18.56.13.jpeg 899w\" sizes=\"(max-width: 576px) 100vw, 576px\" \/><\/figure>\n\n\n\n<p>&#8220;Los robos son cada vez m\u00e1s violentos y a cualquier hora del d\u00eda&#8221;, coment\u00f3 uno de los vecinos afectados. Ante esta situaci\u00f3n, los residentes decidieron cortar Camino General Belgrano en la intersecci\u00f3n con Posadas, una de las principales arterias de la zona, para visibilizar su reclamo.<\/p>\n\n\n\n<figure class=\"wp-block-image size-large\"><img loading=\"lazy\" decoding=\"async\" width=\"1024\" height=\"461\" src=\"https:\/\/enlamira.info\/wp-content\/uploads\/2025\/02\/WhatsApp-Image-2025-02-07-at-18.56.14-1-1024x461.jpeg\" alt=\"\" class=\"wp-image-14402\" srcset=\"https:\/\/enlamira.info\/wp-content\/uploads\/2025\/02\/WhatsApp-Image-2025-02-07-at-18.56.14-1-1024x461.jpeg 1024w, https:\/\/enlamira.info\/wp-content\/uploads\/2025\/02\/WhatsApp-Image-2025-02-07-at-18.56.14-1-300x135.jpeg 300w, https:\/\/enlamira.info\/wp-content\/uploads\/2025\/02\/WhatsApp-Image-2025-02-07-at-18.56.14-1-768x346.jpeg 768w, https:\/\/enlamira.info\/wp-content\/uploads\/2025\/02\/WhatsApp-Image-2025-02-07-at-18.56.14-1-1536x691.jpeg 1536w, https:\/\/enlamira.info\/wp-content\/uploads\/2025\/02\/WhatsApp-Image-2025-02-07-at-18.56.14-1.jpeg 1600w\" sizes=\"(max-width: 1024px) 100vw, 1024px\" \/><\/figure>\n\n\n\n<p>La protesta, que congreg\u00f3 a decenas de vecinos, busca llamar la atenci\u00f3n de las autoridades locales y provinciales para que tomen medidas inmediatas y efectivas. Los manifestantes aseguran que no se mover\u00e1n del lugar hasta que alguien les garantice un poco de seguridad. &#8220;No podemos seguir viviendo con miedo, necesitamos que las autoridades act\u00faen y nos protejan&#8221;, exigi\u00f3 otro de los vecinos.<\/p>\n\n\n\n<figure class=\"wp-block-image size-large\"><img loading=\"lazy\" decoding=\"async\" width=\"461\" height=\"1024\" src=\"https:\/\/enlamira.info\/wp-content\/uploads\/2025\/02\/WhatsApp-Image-2025-02-07-at-18.56.14-2-461x1024.jpeg\" alt=\"\" class=\"wp-image-14403\" srcset=\"https:\/\/enlamira.info\/wp-content\/uploads\/2025\/02\/WhatsApp-Image-2025-02-07-at-18.56.14-2-461x1024.jpeg 461w, https:\/\/enlamira.info\/wp-content\/uploads\/2025\/02\/WhatsApp-Image-2025-02-07-at-18.56.14-2-135x300.jpeg 135w, https:\/\/enlamira.info\/wp-content\/uploads\/2025\/02\/WhatsApp-Image-2025-02-07-at-18.56.14-2-691x1536.jpeg 691w, https:\/\/enlamira.info\/wp-content\/uploads\/2025\/02\/WhatsApp-Image-2025-02-07-at-18.56.14-2.jpeg 720w\" sizes=\"(max-width: 461px) 100vw, 461px\" \/><\/figure>\n\n\n\n<p>La situaci\u00f3n en el Barrio Santa Teresita es cr\u00edtica, con un aumento alarmante de robos violentos que ha generado una sensaci\u00f3n de inseguridad constante entre los residentes. &#8220;Ya no podemos salir tranquilos ni a la esquina, necesitamos respuestas ya&#8221;, manifest\u00f3 una vecina, visiblemente preocupada.<\/p>\n\n\n\n<p>Las autoridades locales a\u00fan no se han pronunciado sobre la protesta, mientras los vecinos esperan con ansiedad una respuesta que les brinde tranquilidad y seguridad en su d\u00eda a d\u00eda.<\/p>\n\n\n\n<hr class=\"wp-block-separator has-alpha-channel-opacity\"\/>\n\n\n\n<p>Espero que esto sea lo que necesitas. \u00bfHay algo m\u00e1s en lo que pueda ayudarte?<\/p>\n","protected":false},"excerpt":{"rendered":"<p>Los vecinos del Barrio Santa Teresita de Lan\u00fas y sus alrededores se han unido en una masiva protesta para exigir seguridad, tras una creciente ola de robos violentos a cualquier hora del d\u00eda. Los manifestantes cortaron Camino General Belgrano en la intersecci\u00f3n con Posadas y prometen no moverse hasta que las autoridades garanticen su seguridad. [&hellip;]<\/p>\n","protected":false},"author":2,"featured_media":14400,"comment_status":"open","ping_status":"open","sticky":false,"template":"","format":"standard","meta":{"footnotes":""},"categories":[1,32],"tags":[898],"_links":{"self":[{"href":"https:\/\/enlamira.info\/index.php\/wp-json\/wp\/v2\/posts\/14399"}],"collection":[{"href":"https:\/\/enlamira.info\/index.php\/wp-json\/wp\/v2\/posts"}],"about":[{"href":"https:\/\/enlamira.info\/index.php\/wp-json\/wp\/v2\/types\/post"}],"author":[{"embeddable":true,"href":"https:\/\/enlamira.info\/index.php\/wp-json\/wp\/v2\/users\/2"}],"replies":[{"embeddable":true,"href":"https:\/\/enlamira.info\/index.php\/wp-json\/wp\/v2\/comments?post=14399"}],"version-history":[{"count":1,"href":"https:\/\/enlamira.info\/index.php\/wp-json\/wp\/v2\/posts\/14399\/revisions"}],"predecessor-version":[{"id":14404,"href":"https:\/\/enlamira.info\/index.php\/wp-json\/wp\/v2\/posts\/14399\/revisions\/14404"}],"wp:featuredmedia":[{"embeddable":true,"href":"https:\/\/enlamira.info\/index.php\/wp-json\/wp\/v2\/media\/14400"}],"wp:attachment":[{"href":"https:\/\/enlamira.info\/index.php\/wp-json\/wp\/v2\/media?parent=14399"}],"wp:term":[{"taxonomy":"category","embeddable":true,"href":"https:\/\/enlamira.info\/index.php\/wp-json\/wp\/v2\/categories?post=14399"},{"taxonomy":"post_tag","embeddable":true,"href":"https:\/\/enlamira.info\/index.php\/wp-json\/wp\/v2\/tags?post=14399"}],"curies":[{"name":"wp","href":"https:\/\/api.w.org\/{rel}","templated":true}]}}