{"id":14391,"date":"2025-02-07T15:47:43","date_gmt":"2025-02-07T18:47:43","guid":{"rendered":"https:\/\/enlamira.info\/?p=14391"},"modified":"2025-02-07T19:35:17","modified_gmt":"2025-02-07T22:35:17","slug":"martin-irrazabal-el-recibimiento-de-la-gente-es-muy-bueno","status":"publish","type":"post","link":"https:\/\/enlamira.info\/index.php\/2025\/02\/07\/martin-irrazabal-el-recibimiento-de-la-gente-es-muy-bueno\/","title":{"rendered":"Mart\u00edn Irrazabal: \u201cEl recibimiento de la gente es muy bueno\u201d"},"content":{"rendered":"\n<p>El jefe de la UDAI Wilde, Mart\u00edn Irrazabal, recorri\u00f3 esta ma\u00f1ana el barrio San Lorenzo de Wilde, donde se realizar\u00e1 un operativo conjunto entre ANSES y PAMI durante toda la semana que viene.<\/p>\n\n\n\n<hr class=\"wp-block-separator has-alpha-channel-opacity\"\/>\n\n\n\n<p>Del 10 al 14 de febrero de 2025, de 09:00 a 14:00 hs, los vecinos de Barrio San Lorenzo en Wilde podr\u00e1n acceder a una serie de tr\u00e1mites y servicios de ANSES y PAMI en un operativo especial. El evento se llevar\u00e1 a cabo en Bah\u00eda Blanca N\u00b0 1678.<\/p>\n\n\n\n<figure class=\"wp-block-image size-large\"><img loading=\"lazy\" decoding=\"async\" width=\"771\" height=\"1024\" src=\"https:\/\/enlamira.info\/wp-content\/uploads\/2025\/02\/351ce1b2-bace-412d-a1cb-552c5e98457c-771x1024.jpg\" alt=\"\" class=\"wp-image-14394\" srcset=\"https:\/\/enlamira.info\/wp-content\/uploads\/2025\/02\/351ce1b2-bace-412d-a1cb-552c5e98457c-771x1024.jpg 771w, https:\/\/enlamira.info\/wp-content\/uploads\/2025\/02\/351ce1b2-bace-412d-a1cb-552c5e98457c-226x300.jpg 226w, https:\/\/enlamira.info\/wp-content\/uploads\/2025\/02\/351ce1b2-bace-412d-a1cb-552c5e98457c-768x1021.jpg 768w, https:\/\/enlamira.info\/wp-content\/uploads\/2025\/02\/351ce1b2-bace-412d-a1cb-552c5e98457c-1156x1536.jpg 1156w, https:\/\/enlamira.info\/wp-content\/uploads\/2025\/02\/351ce1b2-bace-412d-a1cb-552c5e98457c.jpg 1204w\" sizes=\"(max-width: 771px) 100vw, 771px\" \/><\/figure>\n\n\n\n<p>Durante la ma\u00f1ana, Mart\u00edn Irrazabal, jefe de la UDAI Wilde, visit\u00f3 el barrio para hablar con los vecinos y supervisar los preparativos. \u201cEl recibimiento de la gente es muy bueno, porque no est\u00e1n acostumbrados a que un funcionario les toque la puerta\u201d, coment\u00f3 Irrazabal.<\/p>\n\n\n\n<p>En este operativo, los vecinos podr\u00e1n realizar tr\u00e1mites como acreditar datos personales, consultar fechas de cobro, cargar libretas, declarar embarazos, generar claves de seguridad social, hacer reclamos, consultar sobre negativa, recibir asesoramiento de pensiones, afiliarse a PAMI, cambiar de m\u00e9dico de cabecera, consultar la cartilla m\u00e9dica y solicitar insumos m\u00e9dicos. \u201cSer\u00e1 muy bueno articular pol\u00edticas activas para solucionar la vida del vecino com\u00fan de los barrios junto a mis colegas jefes de PAMI y ANSES del distrito, somos un gran equipo de trabajo\u201d, agreg\u00f3 Irrazabal.<\/p>\n\n\n\n<p>Este operativo busca acercar los servicios a los vecinos, facilitando as\u00ed la realizaci\u00f3n de tr\u00e1mites que muchas veces resultan complicados para quienes no pueden trasladarse hasta las oficinas de ANSES y PAMI.<\/p>\n\n\n\n<figure class=\"wp-block-image size-large\"><img loading=\"lazy\" decoding=\"async\" width=\"768\" height=\"1024\" src=\"https:\/\/enlamira.info\/wp-content\/uploads\/2025\/02\/8a5b5359-bb85-47c9-aa00-0253fe91ec07-768x1024.jpg\" alt=\"\" class=\"wp-image-14396\" srcset=\"https:\/\/enlamira.info\/wp-content\/uploads\/2025\/02\/8a5b5359-bb85-47c9-aa00-0253fe91ec07-768x1024.jpg 768w, https:\/\/enlamira.info\/wp-content\/uploads\/2025\/02\/8a5b5359-bb85-47c9-aa00-0253fe91ec07-225x300.jpg 225w, https:\/\/enlamira.info\/wp-content\/uploads\/2025\/02\/8a5b5359-bb85-47c9-aa00-0253fe91ec07-1152x1536.jpg 1152w, https:\/\/enlamira.info\/wp-content\/uploads\/2025\/02\/8a5b5359-bb85-47c9-aa00-0253fe91ec07.jpg 1200w\" sizes=\"(max-width: 768px) 100vw, 768px\" \/><\/figure>\n\n\n\n<p><strong>No olvides traer tu DNI<\/strong> \ud83d\udcc4. \u00a1No te pierdas esta oportunidad \u00fanica de realizar todos tus tr\u00e1mites en un solo lugar y de manera r\u00e1pida y eficiente! \ud83c\udf1f<\/p>\n","protected":false},"excerpt":{"rendered":"<p>El jefe de la UDAI Wilde, Mart\u00edn Irrazabal, recorri\u00f3 esta ma\u00f1ana el barrio San Lorenzo de Wilde, donde se realizar\u00e1 un operativo conjunto entre ANSES y PAMI durante toda la semana que viene. Del 10 al 14 de febrero de 2025, de 09:00 a 14:00 hs, los vecinos de Barrio San Lorenzo en Wilde podr\u00e1n [&hellip;]<\/p>\n","protected":false},"author":2,"featured_media":14397,"comment_status":"open","ping_status":"open","sticky":false,"template":"","format":"standard","meta":{"footnotes":""},"categories":[1],"tags":[897],"_links":{"self":[{"href":"https:\/\/enlamira.info\/index.php\/wp-json\/wp\/v2\/posts\/14391"}],"collection":[{"href":"https:\/\/enlamira.info\/index.php\/wp-json\/wp\/v2\/posts"}],"about":[{"href":"https:\/\/enlamira.info\/index.php\/wp-json\/wp\/v2\/types\/post"}],"author":[{"embeddable":true,"href":"https:\/\/enlamira.info\/index.php\/wp-json\/wp\/v2\/users\/2"}],"replies":[{"embeddable":true,"href":"https:\/\/enlamira.info\/index.php\/wp-json\/wp\/v2\/comments?post=14391"}],"version-history":[{"count":2,"href":"https:\/\/enlamira.info\/index.php\/wp-json\/wp\/v2\/posts\/14391\/revisions"}],"predecessor-version":[{"id":14405,"href":"https:\/\/enlamira.info\/index.php\/wp-json\/wp\/v2\/posts\/14391\/revisions\/14405"}],"wp:featuredmedia":[{"embeddable":true,"href":"https:\/\/enlamira.info\/index.php\/wp-json\/wp\/v2\/media\/14397"}],"wp:attachment":[{"href":"https:\/\/enlamira.info\/index.php\/wp-json\/wp\/v2\/media?parent=14391"}],"wp:term":[{"taxonomy":"category","embeddable":true,"href":"https:\/\/enlamira.info\/index.php\/wp-json\/wp\/v2\/categories?post=14391"},{"taxonomy":"post_tag","embeddable":true,"href":"https:\/\/enlamira.info\/index.php\/wp-json\/wp\/v2\/tags?post=14391"}],"curies":[{"name":"wp","href":"https:\/\/api.w.org\/{rel}","templated":true}]}}