{"id":14348,"date":"2025-02-06T09:52:23","date_gmt":"2025-02-06T12:52:23","guid":{"rendered":"https:\/\/enlamira.info\/?p=14348"},"modified":"2025-02-06T09:52:23","modified_gmt":"2025-02-06T12:52:23","slug":"nueva-inscripcion-al-plan-fines-2025-educacion-para-jovenes-y-adultos","status":"publish","type":"post","link":"https:\/\/enlamira.info\/index.php\/2025\/02\/06\/nueva-inscripcion-al-plan-fines-2025-educacion-para-jovenes-y-adultos\/","title":{"rendered":"Nueva inscripci\u00f3n al Plan FinEs 2025: Educaci\u00f3n para j\u00f3venes y adultos"},"content":{"rendered":"\n<p>Conoc\u00e9 los requisitos y c\u00f3mo preinscribirte en el programa que te permite completar la primaria o secundaria en Avellaneda.<\/p>\n\n\n\n<hr class=\"wp-block-separator has-alpha-channel-opacity\"\/>\n\n\n\n<p>El Plan FinEs 2025 ha abierto su per\u00edodo de preinscripci\u00f3n en Avellaneda, ofreciendo la posibilidad de finalizar estudios primarios y secundarios para j\u00f3venes y adultos. Este programa, impulsado por el Gobierno de la Provincia de Buenos Aires, est\u00e1 dirigido a mayores de 18 a\u00f1os que deseen completar su educaci\u00f3n de manera flexible y adaptada a sus necesidades.<\/p>\n\n\n\n<h4 class=\"wp-block-heading\">Requisitos para inscribirse:<\/h4>\n\n\n\n<ul>\n<li>Ser mayor de 18 a\u00f1os.<\/li>\n\n\n\n<li>Presentar fotocopia del DNI.<\/li>\n\n\n\n<li>Entregar partida o certificado de nacimiento.<\/li>\n\n\n\n<li>Presentar certificado o constancia de estudios previos.<\/li>\n<\/ul>\n\n\n\n<h4 class=\"wp-block-heading\">Modalidades disponibles:<\/h4>\n\n\n\n<ul>\n<li>Primaria para adultos.<\/li>\n\n\n\n<li>FinEs Trayecto Secundario.<\/li>\n\n\n\n<li>FinEs Materias Pendientes (ex Deudores).<\/li>\n<\/ul>\n\n\n\n<p>Las inscripciones se realizan en el Edificio N\u00e9stor Kirchner, ubicado en Av. Belgrano 1124, 1\u00b0 piso, de lunes a viernes de 10:00 a 16:00 hs. Para m\u00e1s informaci\u00f3n, pod\u00e9s escribir al correo FinesEdificioNestorKirchner@gmail.com o comunicarte al 5533-9934.<\/p>\n\n\n\n<p><\/p>\n","protected":false},"excerpt":{"rendered":"<p>Conoc\u00e9 los requisitos y c\u00f3mo preinscribirte en el programa que te permite completar la primaria o secundaria en Avellaneda. El Plan FinEs 2025 ha abierto su per\u00edodo de preinscripci\u00f3n en Avellaneda, ofreciendo la posibilidad de finalizar estudios primarios y secundarios para j\u00f3venes y adultos. Este programa, impulsado por el Gobierno de la Provincia de Buenos [&hellip;]<\/p>\n","protected":false},"author":2,"featured_media":14355,"comment_status":"open","ping_status":"open","sticky":false,"template":"","format":"standard","meta":{"footnotes":""},"categories":[34],"tags":[886],"_links":{"self":[{"href":"https:\/\/enlamira.info\/index.php\/wp-json\/wp\/v2\/posts\/14348"}],"collection":[{"href":"https:\/\/enlamira.info\/index.php\/wp-json\/wp\/v2\/posts"}],"about":[{"href":"https:\/\/enlamira.info\/index.php\/wp-json\/wp\/v2\/types\/post"}],"author":[{"embeddable":true,"href":"https:\/\/enlamira.info\/index.php\/wp-json\/wp\/v2\/users\/2"}],"replies":[{"embeddable":true,"href":"https:\/\/enlamira.info\/index.php\/wp-json\/wp\/v2\/comments?post=14348"}],"version-history":[{"count":1,"href":"https:\/\/enlamira.info\/index.php\/wp-json\/wp\/v2\/posts\/14348\/revisions"}],"predecessor-version":[{"id":14356,"href":"https:\/\/enlamira.info\/index.php\/wp-json\/wp\/v2\/posts\/14348\/revisions\/14356"}],"wp:featuredmedia":[{"embeddable":true,"href":"https:\/\/enlamira.info\/index.php\/wp-json\/wp\/v2\/media\/14355"}],"wp:attachment":[{"href":"https:\/\/enlamira.info\/index.php\/wp-json\/wp\/v2\/media?parent=14348"}],"wp:term":[{"taxonomy":"category","embeddable":true,"href":"https:\/\/enlamira.info\/index.php\/wp-json\/wp\/v2\/categories?post=14348"},{"taxonomy":"post_tag","embeddable":true,"href":"https:\/\/enlamira.info\/index.php\/wp-json\/wp\/v2\/tags?post=14348"}],"curies":[{"name":"wp","href":"https:\/\/api.w.org\/{rel}","templated":true}]}}