{"id":14345,"date":"2025-02-06T09:56:10","date_gmt":"2025-02-06T12:56:10","guid":{"rendered":"https:\/\/enlamira.info\/?p=14345"},"modified":"2025-02-06T09:56:10","modified_gmt":"2025-02-06T12:56:10","slug":"expo-cerveza-en-avellaneda-dos-dias-para-disfrutar-de-los-mejores-sabores-artesanales","status":"publish","type":"post","link":"https:\/\/enlamira.info\/index.php\/2025\/02\/06\/expo-cerveza-en-avellaneda-dos-dias-para-disfrutar-de-los-mejores-sabores-artesanales\/","title":{"rendered":"Expo Cerveza en Avellaneda: Dos d\u00edas para disfrutar de los mejores sabores artesanales"},"content":{"rendered":"\n<p>Degustaciones de cervezas, propuestas gastron\u00f3micas y bandas en vivo te esperan con entrada libre y gratuita el s\u00e1bado 8 y domingo 9 de febrero, de 18:00 a 00:00 hs, en el Parque La Estaci\u00f3n (G\u00fcemes 700).<\/p>\n\n\n\n<p>La Expo Cerveza 2025 llega a Avellaneda con dos jornadas imperdibles para los amantes de la cerveza artesanal, la gastronom\u00eda y la m\u00fasica en vivo. El evento se llevar\u00e1 a cabo los d\u00edas s\u00e1bado 8 y domingo 9 de febrero, de 18:00 a 00:00 hs, en La Estaci\u00f3n (Parque Municipal Multiprop\u00f3sito, G\u00fcemes 700).<\/p>\n\n\n\n<p>Durante el festival, los asistentes podr\u00e1n degustar una amplia variedad de cervezas y disfrutar de diferentes propuestas gastron\u00f3micas, en un ambiente ideal para compartir con amigos. Adem\u00e1s, la m\u00fasica en vivo estar\u00e1 a cargo de:<\/p>\n\n\n\n<p>\ud83c\udfb6 <strong>Escalandombe<\/strong> \u2013 Fusi\u00f3n de ra\u00edz<br>\ud83c\udfb6 <strong>In Fusi\u00f3n<\/strong><br>\ud83c\udfb6 <strong>Arvejas Negras<\/strong><\/p>\n\n\n\n<p>La entrada es libre y gratuita, por lo que es una excelente oportunidad para disfrutar de una noche diferente en Avellaneda.<\/p>\n","protected":false},"excerpt":{"rendered":"<p>Degustaciones de cervezas, propuestas gastron\u00f3micas y bandas en vivo te esperan con entrada libre y gratuita el s\u00e1bado 8 y domingo 9 de febrero, de 18:00 a 00:00 hs, en el Parque La Estaci\u00f3n (G\u00fcemes 700). La Expo Cerveza 2025 llega a Avellaneda con dos jornadas imperdibles para los amantes de la cerveza artesanal, la [&hellip;]<\/p>\n","protected":false},"author":2,"featured_media":14349,"comment_status":"open","ping_status":"open","sticky":false,"template":"","format":"standard","meta":{"footnotes":""},"categories":[1],"tags":[883],"_links":{"self":[{"href":"https:\/\/enlamira.info\/index.php\/wp-json\/wp\/v2\/posts\/14345"}],"collection":[{"href":"https:\/\/enlamira.info\/index.php\/wp-json\/wp\/v2\/posts"}],"about":[{"href":"https:\/\/enlamira.info\/index.php\/wp-json\/wp\/v2\/types\/post"}],"author":[{"embeddable":true,"href":"https:\/\/enlamira.info\/index.php\/wp-json\/wp\/v2\/users\/2"}],"replies":[{"embeddable":true,"href":"https:\/\/enlamira.info\/index.php\/wp-json\/wp\/v2\/comments?post=14345"}],"version-history":[{"count":1,"href":"https:\/\/enlamira.info\/index.php\/wp-json\/wp\/v2\/posts\/14345\/revisions"}],"predecessor-version":[{"id":14350,"href":"https:\/\/enlamira.info\/index.php\/wp-json\/wp\/v2\/posts\/14345\/revisions\/14350"}],"wp:featuredmedia":[{"embeddable":true,"href":"https:\/\/enlamira.info\/index.php\/wp-json\/wp\/v2\/media\/14349"}],"wp:attachment":[{"href":"https:\/\/enlamira.info\/index.php\/wp-json\/wp\/v2\/media?parent=14345"}],"wp:term":[{"taxonomy":"category","embeddable":true,"href":"https:\/\/enlamira.info\/index.php\/wp-json\/wp\/v2\/categories?post=14345"},{"taxonomy":"post_tag","embeddable":true,"href":"https:\/\/enlamira.info\/index.php\/wp-json\/wp\/v2\/tags?post=14345"}],"curies":[{"name":"wp","href":"https:\/\/api.w.org\/{rel}","templated":true}]}}