{"id":14323,"date":"2025-02-05T09:52:09","date_gmt":"2025-02-05T12:52:09","guid":{"rendered":"https:\/\/enlamira.info\/?p=14323"},"modified":"2025-02-05T09:53:50","modified_gmt":"2025-02-05T12:53:50","slug":"consagracion-de-virgenes-en-la-diocesis-de-avellaneda-lanus-un-testimonio-de-amor-y-fe","status":"publish","type":"post","link":"https:\/\/enlamira.info\/index.php\/2025\/02\/05\/consagracion-de-virgenes-en-la-diocesis-de-avellaneda-lanus-un-testimonio-de-amor-y-fe\/","title":{"rendered":"Consagraci\u00f3n de V\u00edrgenes en la Di\u00f3cesis de Avellaneda-Lan\u00fas: Un testimonio de amor y fe"},"content":{"rendered":"\n<p>El Obispo Maxi Margni presidi\u00f3 una emotiva celebraci\u00f3n donde Emilce Rodr\u00edguez y Mar\u00eda Gabriela Miranda consagraron su vida a Dios mediante el rito de la Consagraci\u00f3n de V\u00edrgenes.<\/p>\n\n\n\n<p>El domingo 2 de febrero, la Catedral de Avellaneda-Lan\u00fas fue escenario de un momento de profunda espiritualidad con la celebraci\u00f3n de la Fiesta de la Presentaci\u00f3n del Se\u00f1or. En esta ocasi\u00f3n, Emilce Rodr\u00edguez y Mar\u00eda Gabriela Miranda realizaron su consagraci\u00f3n definitiva a Dios, comprometi\u00e9ndose a vivir en castidad perpetua como testimonio del amor de Cristo.<\/p>\n\n\n\n<p>Desde los primeros siglos del cristianismo, el rito de la Consagraci\u00f3n de V\u00edrgenes ha representado una expresi\u00f3n de entrega total a Dios. Restaurado tras el Concilio Vaticano II, este camino espiritual ha cobrado renovado impulso en diversas regiones, incluyendo la Di\u00f3cesis de Avellaneda-Lan\u00fas. Con esta ceremonia, ya son cuatro las mujeres que han abrazado esta vocaci\u00f3n en la di\u00f3cesis, reflejando el crecimiento de esta forma de vida consagrada en Argentina.<\/p>\n\n\n\n<p>La celebraci\u00f3n eucar\u00edstica estuvo presidida por el Padre Obispo Marcelo (Maxi) Margni, quien en su homil\u00eda destac\u00f3 el sentido profundo de esta entrega. Citando las palabras de Jes\u00fas: \u201cEl que quiera venir detr\u00e1s de m\u00ed, que renuncie a s\u00ed mismo, que cargue con su cruz y me siga\u201d (Mt 16,24-25), el prelado enfatiz\u00f3 que la decisi\u00f3n de estas mujeres no representa una renuncia vac\u00eda, sino una respuesta amorosa y radical a la llamada divina.<\/p>\n\n\n\n<p>En el marco de la Jornada Mundial de la Vida Consagrada, la homil\u00eda estuvo inspirada en los mensajes del Papa Francisco, resaltando la importancia de reflejar la luz de Dios a trav\u00e9s de la vida consagrada. Adem\u00e1s, el obispo subray\u00f3 el valor de los consejos evang\u00e9licos de pobreza, castidad y obediencia como pilares fundamentales para quienes se entregan a Dios.<\/p>\n\n\n\n<p>El rito de consagraci\u00f3n inici\u00f3 con el llamado personal a Emilce Rodr\u00edguez y Mar\u00eda Gabriela Miranda, quienes se acercaron al altar en se\u00f1al de entrega total. Ante la comunidad reunida, expresaron su deseo de consagrarse, asumiendo el compromiso de vivir en castidad perpetua para amar m\u00e1s ardientemente a Cristo y servir con mayor libertad a sus hermanos. El momento culminante lleg\u00f3 con la oraci\u00f3n de consagraci\u00f3n pronunciada por el obispo, mediante la cual fueron incorporadas solemnemente al Ordo Virginum.<\/p>\n\n\n\n<p>En un gesto de profundo significado, las nuevas consagradas recibieron el anillo, s\u00edmbolo de su alianza con Cristo, y el libro de la Liturgia de las Horas, que guiar\u00e1 su oraci\u00f3n diaria en comuni\u00f3n con la Iglesia. La asamblea acompa\u00f1\u00f3 con un emotivo aplauso, reconociendo en ellas un testimonio vivo del amor esponsal de la Iglesia con Cristo.<\/p>\n\n\n\n<p>La celebraci\u00f3n concluy\u00f3 en un clima de alegr\u00eda y gratitud. Familiares, amigos y miembros de la comunidad diocesana se acercaron para felicitar a Emilce y Mar\u00eda Gabriela, quienes ahora inician una nueva etapa en su vida consagrada. Guiadas por el Esp\u00edritu Santo, continuar\u00e1n su camino en la oraci\u00f3n, la penitencia y el apostolado, ofreciendo su vida como signo del Reino futuro.<\/p>\n\n\n\n<p>En la ceremonia se agradeci\u00f3 especialmente al Padre Cristian Ugarte, delegado del obispo para el acompa\u00f1amiento y la formaci\u00f3n del Ordo Virginum.<\/p>\n\n\n\n<p>Este acontecimiento marca un hito en la di\u00f3cesis, recordando que la llamada a la santidad se manifiesta de diversas maneras y que la entrega total a Dios sigue siendo un signo elocuente en el mundo actual.<\/p>\n","protected":false},"excerpt":{"rendered":"<p>El Obispo Maxi Margni presidi\u00f3 una emotiva celebraci\u00f3n donde Emilce Rodr\u00edguez y Mar\u00eda Gabriela Miranda consagraron su vida a Dios mediante el rito de la Consagraci\u00f3n de V\u00edrgenes. El domingo 2 de febrero, la Catedral de Avellaneda-Lan\u00fas fue escenario de un momento de profunda espiritualidad con la celebraci\u00f3n de la Fiesta de la Presentaci\u00f3n del [&hellip;]<\/p>\n","protected":false},"author":2,"featured_media":14332,"comment_status":"open","ping_status":"open","sticky":false,"template":"","format":"standard","meta":{"footnotes":""},"categories":[1],"tags":[879],"_links":{"self":[{"href":"https:\/\/enlamira.info\/index.php\/wp-json\/wp\/v2\/posts\/14323"}],"collection":[{"href":"https:\/\/enlamira.info\/index.php\/wp-json\/wp\/v2\/posts"}],"about":[{"href":"https:\/\/enlamira.info\/index.php\/wp-json\/wp\/v2\/types\/post"}],"author":[{"embeddable":true,"href":"https:\/\/enlamira.info\/index.php\/wp-json\/wp\/v2\/users\/2"}],"replies":[{"embeddable":true,"href":"https:\/\/enlamira.info\/index.php\/wp-json\/wp\/v2\/comments?post=14323"}],"version-history":[{"count":2,"href":"https:\/\/enlamira.info\/index.php\/wp-json\/wp\/v2\/posts\/14323\/revisions"}],"predecessor-version":[{"id":14334,"href":"https:\/\/enlamira.info\/index.php\/wp-json\/wp\/v2\/posts\/14323\/revisions\/14334"}],"wp:featuredmedia":[{"embeddable":true,"href":"https:\/\/enlamira.info\/index.php\/wp-json\/wp\/v2\/media\/14332"}],"wp:attachment":[{"href":"https:\/\/enlamira.info\/index.php\/wp-json\/wp\/v2\/media?parent=14323"}],"wp:term":[{"taxonomy":"category","embeddable":true,"href":"https:\/\/enlamira.info\/index.php\/wp-json\/wp\/v2\/categories?post=14323"},{"taxonomy":"post_tag","embeddable":true,"href":"https:\/\/enlamira.info\/index.php\/wp-json\/wp\/v2\/tags?post=14323"}],"curies":[{"name":"wp","href":"https:\/\/api.w.org\/{rel}","templated":true}]}}