{"id":14145,"date":"2025-01-27T21:46:32","date_gmt":"2025-01-28T00:46:32","guid":{"rendered":"https:\/\/enlamira.info\/?p=14145"},"modified":"2025-01-27T21:46:32","modified_gmt":"2025-01-28T00:46:32","slug":"avellaneda-concejal-del-pro-asume-puesto-en-el-gobierno-de-caba","status":"publish","type":"post","link":"https:\/\/enlamira.info\/index.php\/2025\/01\/27\/avellaneda-concejal-del-pro-asume-puesto-en-el-gobierno-de-caba\/","title":{"rendered":"Avellaneda: Concejal del PRO asume puesto en el gobierno de CABA"},"content":{"rendered":"\n<p>Maximiliano Gallucci, presidente del bloque de concejales de Juntos por el Cambio en Avellaneda, ha asumido como Director General en el Ministerio de Seguridad de la Ciudad de Buenos Aires. Estar\u00e1 a cargo de Articulaci\u00f3n Comunal y Participaci\u00f3n Ciudadana, y continuar\u00e1 desempe\u00f1\u00e1ndose como concejal.<\/p>\n\n\n\n<p>Gallucci se uni\u00f3 al equipo de Jorge Macri en la Ciudad de Buenos Aires, bajo la direcci\u00f3n de Waldo Wolff. Aunque comenz\u00f3 sus funciones hace algunas semanas, lo confirm\u00f3 recientemente a trav\u00e9s de sus redes sociales. A pesar de su nuevo cargo, no dejar\u00e1 su puesto en el Concejo Deliberante de Avellaneda.<\/p>\n\n\n\n<p>La incorporaci\u00f3n de Gallucci al Ministerio de Seguridad de CABA se produjo tras la reorganizaci\u00f3n del \u00e1rea luego de la salida de Diego Kravetz. Gallucci ya estaba en el radar del equipo de Wolff, ya que ha trabajado en la Obra Social de la Polic\u00eda de Ciudad durante varios a\u00f1os.<\/p>\n\n\n\n<p>Su principal tarea ser\u00e1 articular las acciones del Ministerio con los comisarios de cada comuna porte\u00f1a, con el objetivo de acercar la gesti\u00f3n a los barrios de la Ciudad. Gallucci ha trabajado hist\u00f3ricamente con Diego Santilli y fue su candidato a intendente de Avellaneda en la interna de Juntos por el Cambio en 2023. Aunque sigue bajo el paraguas pol\u00edtico de Santilli, su llegada al gobierno de Macri se dio fuera del radar del diputado nacional. El contexto es particular, ya que el PRO de la Ciudad de Buenos Aires es el m\u00e1s duro en un acuerdo con LLA, mientras que Santilli busca consolidar su posici\u00f3n pol\u00edtica.<\/p>\n","protected":false},"excerpt":{"rendered":"<p>Maximiliano Gallucci, presidente del bloque de concejales de Juntos por el Cambio en Avellaneda, ha asumido como Director General en el Ministerio de Seguridad de la Ciudad de Buenos Aires. Estar\u00e1 a cargo de Articulaci\u00f3n Comunal y Participaci\u00f3n Ciudadana, y continuar\u00e1 desempe\u00f1\u00e1ndose como concejal. Gallucci se uni\u00f3 al equipo de Jorge Macri en la Ciudad [&hellip;]<\/p>\n","protected":false},"author":2,"featured_media":14147,"comment_status":"open","ping_status":"open","sticky":false,"template":"","format":"standard","meta":{"footnotes":""},"categories":[8,1,32],"tags":[816],"_links":{"self":[{"href":"https:\/\/enlamira.info\/index.php\/wp-json\/wp\/v2\/posts\/14145"}],"collection":[{"href":"https:\/\/enlamira.info\/index.php\/wp-json\/wp\/v2\/posts"}],"about":[{"href":"https:\/\/enlamira.info\/index.php\/wp-json\/wp\/v2\/types\/post"}],"author":[{"embeddable":true,"href":"https:\/\/enlamira.info\/index.php\/wp-json\/wp\/v2\/users\/2"}],"replies":[{"embeddable":true,"href":"https:\/\/enlamira.info\/index.php\/wp-json\/wp\/v2\/comments?post=14145"}],"version-history":[{"count":1,"href":"https:\/\/enlamira.info\/index.php\/wp-json\/wp\/v2\/posts\/14145\/revisions"}],"predecessor-version":[{"id":14148,"href":"https:\/\/enlamira.info\/index.php\/wp-json\/wp\/v2\/posts\/14145\/revisions\/14148"}],"wp:featuredmedia":[{"embeddable":true,"href":"https:\/\/enlamira.info\/index.php\/wp-json\/wp\/v2\/media\/14147"}],"wp:attachment":[{"href":"https:\/\/enlamira.info\/index.php\/wp-json\/wp\/v2\/media?parent=14145"}],"wp:term":[{"taxonomy":"category","embeddable":true,"href":"https:\/\/enlamira.info\/index.php\/wp-json\/wp\/v2\/categories?post=14145"},{"taxonomy":"post_tag","embeddable":true,"href":"https:\/\/enlamira.info\/index.php\/wp-json\/wp\/v2\/tags?post=14145"}],"curies":[{"name":"wp","href":"https:\/\/api.w.org\/{rel}","templated":true}]}}