{"id":14119,"date":"2025-01-29T07:32:13","date_gmt":"2025-01-29T10:32:13","guid":{"rendered":"https:\/\/enlamira.info\/?p=14119"},"modified":"2025-01-29T07:32:13","modified_gmt":"2025-01-29T10:32:13","slug":"arresto-en-avellaneda-hombre-armado-con-picana-electrica-detenido","status":"publish","type":"post","link":"https:\/\/enlamira.info\/index.php\/2025\/01\/29\/arresto-en-avellaneda-hombre-armado-con-picana-electrica-detenido\/","title":{"rendered":"Arresto en Avellaneda: Hombre armado con picana el\u00e9ctrica detenido"},"content":{"rendered":"\n<p>En un operativo policial en Avellaneda, un hombre fue aprehendido por resistencia a la autoridad. El individuo, identificado como Jos\u00e9 Luis Salas, de 37 a\u00f1os, portaba una picana el\u00e9ctrica, un destornillador y un cutter.<\/p>\n\n\n\n<figure class=\"wp-block-image size-full\"><img loading=\"lazy\" decoding=\"async\" width=\"472\" height=\"1024\" src=\"https:\/\/enlamira.info\/wp-content\/uploads\/2025\/01\/Avellaneda-resistencia-a-la-autoridad-23-enero-25-2-472x1024-1.jpeg\" alt=\"\" class=\"wp-image-14124\" srcset=\"https:\/\/enlamira.info\/wp-content\/uploads\/2025\/01\/Avellaneda-resistencia-a-la-autoridad-23-enero-25-2-472x1024-1.jpeg 472w, https:\/\/enlamira.info\/wp-content\/uploads\/2025\/01\/Avellaneda-resistencia-a-la-autoridad-23-enero-25-2-472x1024-1-138x300.jpeg 138w\" sizes=\"(max-width: 472px) 100vw, 472px\" \/><\/figure>\n\n\n\n<p>Fecha y hora actual, personal de Comando Patrullas, cuadrante 1, en las arterias Pala\u00e1 y Mariano Acosta, proceden a la aprehensi\u00f3n del mencionado en virtud que mismo se encontraba realizando disturbios en v\u00eda p\u00fablica y al notar la presencia policial se torn\u00f3 hostil e intent\u00f3 agredir a los efectivos. Se utiliz\u00f3 la fuerza m\u00ednima e indispensable logrando reducirlo, donde entre las pertenencias se incaut\u00f3 una picana, un destornillador y un cutter. Motivo por el cual trasladan causante y elementos secuestrados al asiento de Cr\u00eda Avell. 1ra. Toma intervenci\u00f3n U.F.I Nro. 01 en turno, quien dispuso car\u00e1tula de menci\u00f3n en ep\u00edgrafe.<\/p>\n\n\n\n<figure class=\"wp-block-image size-full\"><img loading=\"lazy\" decoding=\"async\" width=\"576\" height=\"1024\" src=\"https:\/\/enlamira.info\/wp-content\/uploads\/2025\/01\/Avellaneda-resistencia-a-la-autoridad-23-enero-25-3-576x1024-1.jpeg\" alt=\"\" class=\"wp-image-14125\" srcset=\"https:\/\/enlamira.info\/wp-content\/uploads\/2025\/01\/Avellaneda-resistencia-a-la-autoridad-23-enero-25-3-576x1024-1.jpeg 576w, https:\/\/enlamira.info\/wp-content\/uploads\/2025\/01\/Avellaneda-resistencia-a-la-autoridad-23-enero-25-3-576x1024-1-169x300.jpeg 169w\" sizes=\"(max-width: 576px) 100vw, 576px\" \/><\/figure>\n","protected":false},"excerpt":{"rendered":"<p>En un operativo policial en Avellaneda, un hombre fue aprehendido por resistencia a la autoridad. El individuo, identificado como Jos\u00e9 Luis Salas, de 37 a\u00f1os, portaba una picana el\u00e9ctrica, un destornillador y un cutter. Fecha y hora actual, personal de Comando Patrullas, cuadrante 1, en las arterias Pala\u00e1 y Mariano Acosta, proceden a la aprehensi\u00f3n [&hellip;]<\/p>\n","protected":false},"author":2,"featured_media":14123,"comment_status":"open","ping_status":"open","sticky":false,"template":"","format":"standard","meta":{"footnotes":""},"categories":[1,32],"tags":[811],"_links":{"self":[{"href":"https:\/\/enlamira.info\/index.php\/wp-json\/wp\/v2\/posts\/14119"}],"collection":[{"href":"https:\/\/enlamira.info\/index.php\/wp-json\/wp\/v2\/posts"}],"about":[{"href":"https:\/\/enlamira.info\/index.php\/wp-json\/wp\/v2\/types\/post"}],"author":[{"embeddable":true,"href":"https:\/\/enlamira.info\/index.php\/wp-json\/wp\/v2\/users\/2"}],"replies":[{"embeddable":true,"href":"https:\/\/enlamira.info\/index.php\/wp-json\/wp\/v2\/comments?post=14119"}],"version-history":[{"count":1,"href":"https:\/\/enlamira.info\/index.php\/wp-json\/wp\/v2\/posts\/14119\/revisions"}],"predecessor-version":[{"id":14126,"href":"https:\/\/enlamira.info\/index.php\/wp-json\/wp\/v2\/posts\/14119\/revisions\/14126"}],"wp:featuredmedia":[{"embeddable":true,"href":"https:\/\/enlamira.info\/index.php\/wp-json\/wp\/v2\/media\/14123"}],"wp:attachment":[{"href":"https:\/\/enlamira.info\/index.php\/wp-json\/wp\/v2\/media?parent=14119"}],"wp:term":[{"taxonomy":"category","embeddable":true,"href":"https:\/\/enlamira.info\/index.php\/wp-json\/wp\/v2\/categories?post=14119"},{"taxonomy":"post_tag","embeddable":true,"href":"https:\/\/enlamira.info\/index.php\/wp-json\/wp\/v2\/tags?post=14119"}],"curies":[{"name":"wp","href":"https:\/\/api.w.org\/{rel}","templated":true}]}}