{"id":1411,"date":"2024-03-18T11:37:59","date_gmt":"2024-03-18T14:37:59","guid":{"rendered":"https:\/\/enlamira.info\/?p=1411"},"modified":"2024-03-18T11:54:45","modified_gmt":"2024-03-18T14:54:45","slug":"muy-grave-e-irresponsable-el-pj-bonaerense-repudio-la-rebelion-impositiva","status":"publish","type":"post","link":"https:\/\/enlamira.info\/index.php\/2024\/03\/18\/muy-grave-e-irresponsable-el-pj-bonaerense-repudio-la-rebelion-impositiva\/","title":{"rendered":"\u201cMuy grave e irresponsable\u201d: el PJ bonaerense repudi\u00f3 la \u201crebeli\u00f3n impositiva\u201d"},"content":{"rendered":"\n<p>El partido liderado por M\u00e1ximo Kirchner rechaz\u00f3 las ideas expresadas por Jos\u00e9 Luis Espert y luego respaldadas por el presidente Javier Milei de no pagar impuestos en la Provincia.<\/p>\n\n\n\n<p>El PJ bonaerense acus\u00f3 al presidente\u00a0Javier\u00a0Milei\u00a0y al diputado nacional\u00a0Jos\u00e9 Luis\u00a0Espert\u00a0de llamar a\u00a0\u201cuna rebeli\u00f3n fiscal\u201d\u00a0por alentar a no pagar impuestos en la provincia de Buenos Aires.<\/p>\n\n\n\n<p>En medio de las negociaciones por el\u00a0DNU\u00a0y la\u00a0Ley\u00a0\u00d3mnibus,\u00a0Javier\u00a0Milei\u00a0hab\u00eda redoblado sus cr\u00edticas este s\u00e1bado en contra del gobernador bonaerense,\u00a0Axel Kicillof\u00a0por los aumentos en los impuestos en la provincia de Buenos Aires y decidi\u00f3 compartir en sus redes las declaraciones del diputado de Avanza Libertad. \u201cYo no los voy a pagar\u201d, asever\u00f3 el mandatario.<\/p>\n\n\n\n<p>La propuesta de\u00a0Espert\u00a0fue una r\u00e9plica al ministro de Desarrollo de la provincia de Buenos Aires,\u00a0Andr\u00e9s Larroque, quien hab\u00eda justificado un rato antes que hac\u00eda \u201cmucho tiempo\u201d que no se incrementaba el impuesto inmobiliario, que aplicaron la suba por el \u201ccontexto muy dif\u00edcil\u201d que atraviesan por el recorte de giros nacionales y que de todas formas se quedaron atr\u00e1s de la inflaci\u00f3n con la carga.<\/p>\n\n\n\n<p>A trav\u00e9s de un comunicado oficial, el sector del\u00a0Partido Justicialista\u00a0presidido por\u00a0M\u00e1ximo Kirchner\u00a0carg\u00f3 contra el presidente de la comisi\u00f3n de Presupuesto y Hacienda de la C\u00e1mara baja por plantear que \u201cel aumento de patentes, el aumento de inmobiliario residencial y el aumento de inmobiliario rural no hay que pagarlo\u201d.<\/p>\n\n\n\n<p>En esa l\u00ednea, desde el espacio resaltaron \u201cla gravedad de los dichos solo se supera por la validaci\u00f3n de propio presidente de la Naci\u00f3n\u201d y advirtieron que \u201ces muy grave e irresponsable la actitud del presidente de la Naci\u00f3n y del diputado\u201d cuando paralelamente el gobernador de Buenos Aires \u201ccolabora con la provincia de Santa Fe en la lucha del contra narcotr\u00e1fico, enviando patrulleros y personal\u201d.<\/p>\n\n\n\n<figure class=\"wp-block-image size-full\"><img loading=\"lazy\" decoding=\"async\" width=\"767\" height=\"767\" src=\"https:\/\/enlamira.info\/wp-content\/uploads\/2024\/03\/image-19.png\" alt=\"\" class=\"wp-image-1412\" srcset=\"https:\/\/enlamira.info\/wp-content\/uploads\/2024\/03\/image-19.png 767w, https:\/\/enlamira.info\/wp-content\/uploads\/2024\/03\/image-19-300x300.png 300w, https:\/\/enlamira.info\/wp-content\/uploads\/2024\/03\/image-19-150x150.png 150w\" sizes=\"(max-width: 767px) 100vw, 767px\" \/><\/figure>\n\n\n\n<p>\u201cPARECE QUE CUANDO HABLA DEL DERECHO DE PROPIEDAD, EL GOBERNADOR NO ENTIENDE QUE SUBIR LOS IMPUESTOS NETOS ES UNA VIOLACI\u00d3N DEL DERECHO DE PROPIEDAD. PUEDE QUE EST\u00c9 CONFUNDIDO PORQUE \u00c9L LEY\u00d3 A UN TAL ALBERTI (ASUMO QUE NADA QUE VER CON NUESTRA HISTORIA) EN LUGAR DE ALBERDI \u201c, HAB\u00cdA INDICADO\u00a0JAVIER MILEI\u00a0DESDE SU CUENTA DE X (EX TWITTER)<\/p>\n\n\n\n<figure class=\"wp-block-image size-full\"><img loading=\"lazy\" decoding=\"async\" width=\"767\" height=\"309\" src=\"https:\/\/enlamira.info\/wp-content\/uploads\/2024\/03\/image-20.png\" alt=\"\" class=\"wp-image-1414\" srcset=\"https:\/\/enlamira.info\/wp-content\/uploads\/2024\/03\/image-20.png 767w, https:\/\/enlamira.info\/wp-content\/uploads\/2024\/03\/image-20-300x121.png 300w\" sizes=\"(max-width: 767px) 100vw, 767px\" \/><\/figure>\n","protected":false},"excerpt":{"rendered":"<p>El partido liderado por M\u00e1ximo Kirchner rechaz\u00f3 las ideas expresadas por Jos\u00e9 Luis Espert y luego respaldadas por el presidente Javier Milei de no pagar impuestos en la Provincia. El PJ bonaerense acus\u00f3 al presidente\u00a0Javier\u00a0Milei\u00a0y al diputado nacional\u00a0Jos\u00e9 Luis\u00a0Espert\u00a0de llamar a\u00a0\u201cuna rebeli\u00f3n fiscal\u201d\u00a0por alentar a no pagar impuestos en la provincia de Buenos Aires. En [&hellip;]<\/p>\n","protected":false},"author":2,"featured_media":1416,"comment_status":"open","ping_status":"open","sticky":false,"template":"","format":"standard","meta":{"footnotes":""},"categories":[20],"tags":[],"_links":{"self":[{"href":"https:\/\/enlamira.info\/index.php\/wp-json\/wp\/v2\/posts\/1411"}],"collection":[{"href":"https:\/\/enlamira.info\/index.php\/wp-json\/wp\/v2\/posts"}],"about":[{"href":"https:\/\/enlamira.info\/index.php\/wp-json\/wp\/v2\/types\/post"}],"author":[{"embeddable":true,"href":"https:\/\/enlamira.info\/index.php\/wp-json\/wp\/v2\/users\/2"}],"replies":[{"embeddable":true,"href":"https:\/\/enlamira.info\/index.php\/wp-json\/wp\/v2\/comments?post=1411"}],"version-history":[{"count":2,"href":"https:\/\/enlamira.info\/index.php\/wp-json\/wp\/v2\/posts\/1411\/revisions"}],"predecessor-version":[{"id":1417,"href":"https:\/\/enlamira.info\/index.php\/wp-json\/wp\/v2\/posts\/1411\/revisions\/1417"}],"wp:featuredmedia":[{"embeddable":true,"href":"https:\/\/enlamira.info\/index.php\/wp-json\/wp\/v2\/media\/1416"}],"wp:attachment":[{"href":"https:\/\/enlamira.info\/index.php\/wp-json\/wp\/v2\/media?parent=1411"}],"wp:term":[{"taxonomy":"category","embeddable":true,"href":"https:\/\/enlamira.info\/index.php\/wp-json\/wp\/v2\/categories?post=1411"},{"taxonomy":"post_tag","embeddable":true,"href":"https:\/\/enlamira.info\/index.php\/wp-json\/wp\/v2\/tags?post=1411"}],"curies":[{"name":"wp","href":"https:\/\/api.w.org\/{rel}","templated":true}]}}