{"id":1406,"date":"2024-03-18T11:36:45","date_gmt":"2024-03-18T14:36:45","guid":{"rendered":"https:\/\/enlamira.info\/?p=1406"},"modified":"2024-03-18T11:56:13","modified_gmt":"2024-03-18T14:56:13","slug":"javier-milei-puso-en-duda-el-pacto-de-mayo-y-aseguro-que-no-tiene-sentido-sin-la-ley-omnibus","status":"publish","type":"post","link":"https:\/\/enlamira.info\/index.php\/2024\/03\/18\/javier-milei-puso-en-duda-el-pacto-de-mayo-y-aseguro-que-no-tiene-sentido-sin-la-ley-omnibus\/","title":{"rendered":"Javier Milei puso en duda el Pacto de Mayo y asegur\u00f3 que no tiene sentido sin la Ley \u00d3mnibus"},"content":{"rendered":"\n<p>Si bien en la apertura de las sesiones ordinarias hab\u00eda expresado su voluntad de consensuar con las provincias si se aprobada el megaproyecto, esta vez el Presidente ratific\u00f3 su postura y advirti\u00f3 a los gobernadores.<\/p>\n\n\n\n<p>Durante una entrevista televisiva, el presidente\u00a0Javier\u00a0Milei\u00a0defendi\u00f3 este domingo las reformas\u00a0econ\u00f3micas\u00a0que fueron rechazadas este jueves por el\u00a0Senado\u00a0y, en medio de las negociaciones, les advirti\u00f3 a los gobernadores que, \u201csi no se aprueba la Ley \u00d3mnibus, no tiene sentido el Pacto de Mayo\u201d.<\/p>\n\n\n\n<p>Por otro lado, el jefe de Estado\u00a0asegur\u00f3\u00a0nuevamente que est\u00e1 \u201ctotalmente de acuerdo\u201d con la posici\u00f3n que hab\u00eda adelantado el diputado nacional de La Libertad Avanza,\u00a0Jos\u00e9 Luis\u00a0Espert, aliado de su gesti\u00f3n, quien hab\u00eda llamado a una rebeli\u00f3n impositiva.<\/p>\n\n\n\n<p>El diputado de Avanza Libertad incit\u00f3 a los bonaerenses a desobedecer el pago de las subas dispuestas por la gesti\u00f3n&nbsp;<strong>Kicillof<\/strong>.<\/p>\n\n\n\n<p>La propuesta de\u00a0Espert\u00a0fue una r\u00e9plica al ministro de Desarrollo de la provincia de Buenos Aires,\u00a0Andr\u00e9s Larroque, quien hab\u00eda justificado un rato antes que hac\u00eda \u201cmucho tiempo\u201d que no se incrementaba el impuesto inmobiliario, que aplicaron la suba por el \u201ccontexto muy dif\u00edcil\u201d que atraviesan por el recorte de giros nacionales y que de todas formas se quedaron atr\u00e1s de la inflaci\u00f3n con la carga.<\/p>\n\n\n\n<p>\u201cEl profesor Espert tiene un buen punto\u201d, se\u00f1al\u00f3 Milei, en di\u00e1logo con el periodista\u00a0Luis Majul\u00a0para LN+.<\/p>\n\n\n\n<p>\u201cEs expropiatorio, no tiene contrapartida de bienes p\u00fablicos. Kicillof no da nada, en t\u00e9rminos de seguridad, la provincia es un ba\u00f1o de sangre; en educaci\u00f3n, los rendimientos de los alumnos son verdaderamente paup\u00e9rrimos; en la salud, ya vimos la estafa del Estado presente durante la pandemia, en la que, si hubi\u00e9ramos hecho las cosas como un pa\u00eds mediocre hubi\u00e9ramos tenido 30 mil muertos, y tuvimos 130 mil\u201d, asegur\u00f3 el premier argentino.<\/p>\n\n\n\n<p>Con iron\u00eda, el presidente compar\u00f3 a Kicillof con el senador\u00a0Mart\u00edn Lousteau, presidente de la Uni\u00f3n C\u00edvica Radical y uno de los principales dirigentes opositores y afirm\u00f3 que \u201ces un camale\u00f3n. Una suerte de incompetente sistem\u00e1tico, tipo Kicillof, solo que m\u00e1s educado, con mejores formas\u201d, afirm\u00f3.<\/p>\n\n\n\n<p>Por otra parte, Milei minimiz\u00f3 el rechazo en el Senado al DNU que firm\u00f3 a los pocos d\u00edas de haber asumido en el cargo y asegur\u00f3 que lo tom\u00f3 \u201ccomo algo que estaba contemplado dentro de los resultados posibles\u201d.<\/p>\n\n\n\n<p><\/p>\n\n\n\n<p><\/p>\n","protected":false},"excerpt":{"rendered":"<p>Si bien en la apertura de las sesiones ordinarias hab\u00eda expresado su voluntad de consensuar con las provincias si se aprobada el megaproyecto, esta vez el Presidente ratific\u00f3 su postura y advirti\u00f3 a los gobernadores. Durante una entrevista televisiva, el presidente\u00a0Javier\u00a0Milei\u00a0defendi\u00f3 este domingo las reformas\u00a0econ\u00f3micas\u00a0que fueron rechazadas este jueves por el\u00a0Senado\u00a0y, en medio de las [&hellip;]<\/p>\n","protected":false},"author":2,"featured_media":1408,"comment_status":"open","ping_status":"open","sticky":false,"template":"","format":"standard","meta":{"footnotes":""},"categories":[20],"tags":[],"_links":{"self":[{"href":"https:\/\/enlamira.info\/index.php\/wp-json\/wp\/v2\/posts\/1406"}],"collection":[{"href":"https:\/\/enlamira.info\/index.php\/wp-json\/wp\/v2\/posts"}],"about":[{"href":"https:\/\/enlamira.info\/index.php\/wp-json\/wp\/v2\/types\/post"}],"author":[{"embeddable":true,"href":"https:\/\/enlamira.info\/index.php\/wp-json\/wp\/v2\/users\/2"}],"replies":[{"embeddable":true,"href":"https:\/\/enlamira.info\/index.php\/wp-json\/wp\/v2\/comments?post=1406"}],"version-history":[{"count":2,"href":"https:\/\/enlamira.info\/index.php\/wp-json\/wp\/v2\/posts\/1406\/revisions"}],"predecessor-version":[{"id":1410,"href":"https:\/\/enlamira.info\/index.php\/wp-json\/wp\/v2\/posts\/1406\/revisions\/1410"}],"wp:featuredmedia":[{"embeddable":true,"href":"https:\/\/enlamira.info\/index.php\/wp-json\/wp\/v2\/media\/1408"}],"wp:attachment":[{"href":"https:\/\/enlamira.info\/index.php\/wp-json\/wp\/v2\/media?parent=1406"}],"wp:term":[{"taxonomy":"category","embeddable":true,"href":"https:\/\/enlamira.info\/index.php\/wp-json\/wp\/v2\/categories?post=1406"},{"taxonomy":"post_tag","embeddable":true,"href":"https:\/\/enlamira.info\/index.php\/wp-json\/wp\/v2\/tags?post=1406"}],"curies":[{"name":"wp","href":"https:\/\/api.w.org\/{rel}","templated":true}]}}