{"id":1401,"date":"2024-03-18T11:35:07","date_gmt":"2024-03-18T14:35:07","guid":{"rendered":"https:\/\/enlamira.info\/?p=1401"},"modified":"2024-03-18T11:57:23","modified_gmt":"2024-03-18T14:57:23","slug":"un-hombre-le-hizo-fuck-you-a-gildo-insfran-termino-preso-y-acusado-de-atentado","status":"publish","type":"post","link":"https:\/\/enlamira.info\/index.php\/2024\/03\/18\/un-hombre-le-hizo-fuck-you-a-gildo-insfran-termino-preso-y-acusado-de-atentado\/","title":{"rendered":"Un hombre le hizo \u2018fuck you\u2019 a Gildo Insfr\u00e1n: termin\u00f3 preso y acusado de atentado"},"content":{"rendered":"\n<p>Sucedi\u00f3 en plena capital formose\u00f1a y la custodia del caudillo lo detuvo por \u201camenazas, atentado y resistencia a la autoridad\u201d.<\/p>\n\n\n\n<p>Un hombre de 27 a\u00f1os\u00a0fue arrestado en la provincia de Formosa\u00a0luego de que se cruzara con el gobernador\u00a0Gildo Insfr\u00e1n\u00a0en plena v\u00eda publica y le hiciera el gesto de\u00a0\u201cFuck you\u201c.<\/p>\n\n\n\n<p>Sucedi\u00f3 en la intersecci\u00f3n de la Avenida N\u00e9stor Kirchner y y Trinidad Gonz\u00e1lez y el hombre, identificado como\u00a0Germ\u00e1n Malkiewiez, fue acusado de\u00a0\u201camenazas, atentado y resistencia a la autoridad\u201d.<\/p>\n\n\n\n<p>Seg\u00fan testigos,\u00a0Malkiewiez iba en su moto\u00a0y trasladaba una garrafa cuando se cruz\u00f3 con la comitiva del gobernador y le hizo el gesto. Todav\u00eda no se sabe si fue destinado al pol\u00edtico o si se trat\u00f3 de una reacci\u00f3n ante alguna maniobra que hizo el veh\u00edculo.<\/p>\n\n\n\n<p>De inmediato\u00a0fue reducido por la custodia oficial, detenido y trasladado a la comisar\u00eda 8va. del barrio La Nueva Formosa, donde interviene el Juzgado de Instrucci\u00f3n y Correccional N\u00famero 6, a cargo del juez\u00a0Guillermo Caballero.<\/p>\n\n\n\n<p>Desde la defensa\u00a0de Malkiewiez, asumida por los abogados Julieta Gonz\u00e1lez, Agostina Villaggi y Juan Montoya, apuntan hubo un\u00a0\u201cel arresto ilegal\u201d, \u201caccionar violento del personal de seguridad\u201d y \u201cviolencia desplegada\u201d\u00a0por parte de Insfr\u00e1n.<\/p>\n\n\n\n<p>Por su parte, la diputada opositora\u00a0Gabriela Neme, sostuvo que\u00a0se cambi\u00f3 cuatro veces la car\u00e1tula\u00a0del hecho, que al hombre lo golpearon y que\u00a0se quiso instalar la versi\u00f3n\u00a0de que en un lugar de \u201cFuck you\u201d hab\u00eda hecho el gesto de una pistola.<\/p>\n","protected":false},"excerpt":{"rendered":"<p>Sucedi\u00f3 en plena capital formose\u00f1a y la custodia del caudillo lo detuvo por \u201camenazas, atentado y resistencia a la autoridad\u201d. Un hombre de 27 a\u00f1os\u00a0fue arrestado en la provincia de Formosa\u00a0luego de que se cruzara con el gobernador\u00a0Gildo Insfr\u00e1n\u00a0en plena v\u00eda publica y le hiciera el gesto de\u00a0\u201cFuck you\u201c. Sucedi\u00f3 en la intersecci\u00f3n de la [&hellip;]<\/p>\n","protected":false},"author":2,"featured_media":1403,"comment_status":"open","ping_status":"open","sticky":false,"template":"","format":"standard","meta":{"footnotes":""},"categories":[4],"tags":[],"_links":{"self":[{"href":"https:\/\/enlamira.info\/index.php\/wp-json\/wp\/v2\/posts\/1401"}],"collection":[{"href":"https:\/\/enlamira.info\/index.php\/wp-json\/wp\/v2\/posts"}],"about":[{"href":"https:\/\/enlamira.info\/index.php\/wp-json\/wp\/v2\/types\/post"}],"author":[{"embeddable":true,"href":"https:\/\/enlamira.info\/index.php\/wp-json\/wp\/v2\/users\/2"}],"replies":[{"embeddable":true,"href":"https:\/\/enlamira.info\/index.php\/wp-json\/wp\/v2\/comments?post=1401"}],"version-history":[{"count":2,"href":"https:\/\/enlamira.info\/index.php\/wp-json\/wp\/v2\/posts\/1401\/revisions"}],"predecessor-version":[{"id":1405,"href":"https:\/\/enlamira.info\/index.php\/wp-json\/wp\/v2\/posts\/1401\/revisions\/1405"}],"wp:featuredmedia":[{"embeddable":true,"href":"https:\/\/enlamira.info\/index.php\/wp-json\/wp\/v2\/media\/1403"}],"wp:attachment":[{"href":"https:\/\/enlamira.info\/index.php\/wp-json\/wp\/v2\/media?parent=1401"}],"wp:term":[{"taxonomy":"category","embeddable":true,"href":"https:\/\/enlamira.info\/index.php\/wp-json\/wp\/v2\/categories?post=1401"},{"taxonomy":"post_tag","embeddable":true,"href":"https:\/\/enlamira.info\/index.php\/wp-json\/wp\/v2\/tags?post=1401"}],"curies":[{"name":"wp","href":"https:\/\/api.w.org\/{rel}","templated":true}]}}