{"id":13935,"date":"2025-01-16T07:12:43","date_gmt":"2025-01-16T10:12:43","guid":{"rendered":"https:\/\/enlamira.info\/?p=13935"},"modified":"2025-01-16T07:12:43","modified_gmt":"2025-01-16T10:12:43","slug":"emmanuel-santalla-como-lula-en-brasil-prohibir-celulares-en-las-escuelas-es-positivo-para-nuestros-chicos","status":"publish","type":"post","link":"https:\/\/enlamira.info\/index.php\/2025\/01\/16\/emmanuel-santalla-como-lula-en-brasil-prohibir-celulares-en-las-escuelas-es-positivo-para-nuestros-chicos\/","title":{"rendered":"Emmanuel Santalla: &#8220;Como Lula en Brasil, prohibir celulares en las escuelas es positivo para nuestros chicos&#8221;"},"content":{"rendered":"\n<p>El senador bonaerense destac\u00f3 la importancia de regular el uso de dispositivos en las escuelas, en l\u00ednea con la reciente ley sancionada en Brasil.<\/p>\n\n\n\n<p>En un contexto regional marcado por el debate sobre el impacto de la tecnolog\u00eda en la educaci\u00f3n, el presidente de Brasil, Luiz In\u00e1cio Lula Da Silva, sancion\u00f3 una ley que proh\u00edbe el uso de celulares en las escuelas. Esta medida tiene como objetivo minimizar distracciones y promover un ambiente de aprendizaje m\u00e1s enfocado, fortaleciendo la interacci\u00f3n entre docentes y estudiantes.<\/p>\n\n\n\n<p>Inspirado en este enfoque, el senador bonaerense Emmanuel Santalla impulsa un proyecto similar que busca garantizar un entorno libre de distracciones tecnol\u00f3gicas en las escuelas de la provincia.<\/p>\n\n\n\n<p>\u201cComo Lula en Brasil, nosotros entendemos que prohibir el uso de celulares en la escuela es positivo para el desarrollo acad\u00e9mico de nuestros chicos\u201d, afirm\u00f3 Santalla.<\/p>\n\n\n\n<p>El legislador subray\u00f3 la urgencia de abordar los efectos nocivos del uso excesivo de pantallas en ni\u00f1os y j\u00f3venes: \u201cDebemos generar un profundo debate sobre c\u00f3mo estas tecnolog\u00edas impactan la salud f\u00edsica y mental, generando problemas como miop\u00eda, obesidad, sedentarismo, trastornos de conducta y riesgos como el grooming o el bullying\u201d.<\/p>\n\n\n\n<p>El proyecto ya cuenta con media sanci\u00f3n en la C\u00e1mara de Senadores bonaerense y se espera que en los pr\u00f3ximos meses sea debatido en la C\u00e1mara de Diputados para convertirse en ley.<\/p>\n","protected":false},"excerpt":{"rendered":"<p>El senador bonaerense destac\u00f3 la importancia de regular el uso de dispositivos en las escuelas, en l\u00ednea con la reciente ley sancionada en Brasil. En un contexto regional marcado por el debate sobre el impacto de la tecnolog\u00eda en la educaci\u00f3n, el presidente de Brasil, Luiz In\u00e1cio Lula Da Silva, sancion\u00f3 una ley que proh\u00edbe [&hellip;]<\/p>\n","protected":false},"author":2,"featured_media":13939,"comment_status":"open","ping_status":"open","sticky":false,"template":"","format":"standard","meta":{"footnotes":""},"categories":[1,20],"tags":[745,746],"_links":{"self":[{"href":"https:\/\/enlamira.info\/index.php\/wp-json\/wp\/v2\/posts\/13935"}],"collection":[{"href":"https:\/\/enlamira.info\/index.php\/wp-json\/wp\/v2\/posts"}],"about":[{"href":"https:\/\/enlamira.info\/index.php\/wp-json\/wp\/v2\/types\/post"}],"author":[{"embeddable":true,"href":"https:\/\/enlamira.info\/index.php\/wp-json\/wp\/v2\/users\/2"}],"replies":[{"embeddable":true,"href":"https:\/\/enlamira.info\/index.php\/wp-json\/wp\/v2\/comments?post=13935"}],"version-history":[{"count":1,"href":"https:\/\/enlamira.info\/index.php\/wp-json\/wp\/v2\/posts\/13935\/revisions"}],"predecessor-version":[{"id":13940,"href":"https:\/\/enlamira.info\/index.php\/wp-json\/wp\/v2\/posts\/13935\/revisions\/13940"}],"wp:featuredmedia":[{"embeddable":true,"href":"https:\/\/enlamira.info\/index.php\/wp-json\/wp\/v2\/media\/13939"}],"wp:attachment":[{"href":"https:\/\/enlamira.info\/index.php\/wp-json\/wp\/v2\/media?parent=13935"}],"wp:term":[{"taxonomy":"category","embeddable":true,"href":"https:\/\/enlamira.info\/index.php\/wp-json\/wp\/v2\/categories?post=13935"},{"taxonomy":"post_tag","embeddable":true,"href":"https:\/\/enlamira.info\/index.php\/wp-json\/wp\/v2\/tags?post=13935"}],"curies":[{"name":"wp","href":"https:\/\/api.w.org\/{rel}","templated":true}]}}