{"id":13915,"date":"2025-01-14T18:22:31","date_gmt":"2025-01-14T21:22:31","guid":{"rendered":"https:\/\/enlamira.info\/?p=13915"},"modified":"2025-01-14T18:37:11","modified_gmt":"2025-01-14T21:37:11","slug":"una-madre-lucha-por-la-audicion-de-su-hijo-la-historia-de-graciela-y-hero","status":"publish","type":"post","link":"https:\/\/enlamira.info\/index.php\/2025\/01\/14\/una-madre-lucha-por-la-audicion-de-su-hijo-la-historia-de-graciela-y-hero\/","title":{"rendered":"Una Madre Lucha por la Audici\u00f3n de su Hijo: La Historia de Rosa y Hero."},"content":{"rendered":"\n<p>Rosa Torres,  est\u00e1 llevando a cabo una cruzada para recaudar dinero y comprar audifonos especiales para su hijo Jero, quien padece anacusia e hipoacusia. Necesita juntar un mill\u00f3n y medio de pesos para lograrlo. Las donaciones se pueden realizar a trav\u00e9s de <strong>Mercado Pago, <\/strong>utilizando el<strong> alias rosato.93 <\/strong>rosa Beatriz torres.<\/p>\n\n\n\n<p>Rosa ha estado luchando por la salud auditiva de su hijo Hero Zamudio desde que era peque\u00f1o. A pesar de los diagn\u00f3sticos err\u00f3neos y las dificultades econ\u00f3micas, nunca ha dejado de buscar el tratamiento adecuado. Ahora, necesita la ayuda de la comunidad para recaudar fondos y comprar los auriculares que permitir\u00e1n a Jero escuchar y desarrollarse plenamente.<\/p>\n\n\n\n<figure class=\"wp-block-image size-large is-resized\"><img loading=\"lazy\" decoding=\"async\" width=\"576\" height=\"1024\" src=\"https:\/\/enlamira.info\/wp-content\/uploads\/2025\/01\/3a9dd75b-7b5b-4e7d-850f-ed2c7f888843-576x1024.jpg\" alt=\"\" class=\"wp-image-13918\" style=\"width:267px;height:auto\" srcset=\"https:\/\/enlamira.info\/wp-content\/uploads\/2025\/01\/3a9dd75b-7b5b-4e7d-850f-ed2c7f888843-576x1024.jpg 576w, https:\/\/enlamira.info\/wp-content\/uploads\/2025\/01\/3a9dd75b-7b5b-4e7d-850f-ed2c7f888843-169x300.jpg 169w, https:\/\/enlamira.info\/wp-content\/uploads\/2025\/01\/3a9dd75b-7b5b-4e7d-850f-ed2c7f888843-768x1366.jpg 768w, https:\/\/enlamira.info\/wp-content\/uploads\/2025\/01\/3a9dd75b-7b5b-4e7d-850f-ed2c7f888843-864x1536.jpg 864w, https:\/\/enlamira.info\/wp-content\/uploads\/2025\/01\/3a9dd75b-7b5b-4e7d-850f-ed2c7f888843.jpg 899w\" sizes=\"(max-width: 576px) 100vw, 576px\" \/><\/figure>\n\n\n\n<p>Historia de Vida<\/p>\n\n\n\n<p>&#8220;Hola, buenas tardes. Bueno, todo empez\u00f3 con Jero. Yo lo vengo tratando con la psicopedagoga y la fonoaudi\u00f3loga desde que ten\u00eda tres a\u00f1os. Le hice un estudio en Otorrino del Sur, donde se realizaron mal los estudios y solo diagnosticaron que ten\u00eda trastorno del lenguaje. Pero \u00e9l ya era sordito. A pesar de eso, segu\u00ed haciendo todos los estudios para el trastorno del lenguaje hasta que una fonoaudi\u00f3loga me dijo: &#8216;Para m\u00ed, el nene no escucha&#8217;. Entonces, empec\u00e9 a hacerle los estudios nuevamente y ah\u00ed se descubri\u00f3 que mi hijo ten\u00eda anacusia e hipoacusia. Tiene anacusia en el o\u00eddo izquierdo e hipoacusia moderada pero progresiva en el derecho.&#8221;<\/p>\n\n\n\n<figure class=\"wp-block-image size-large is-resized\"><img loading=\"lazy\" decoding=\"async\" width=\"780\" height=\"1024\" src=\"https:\/\/enlamira.info\/wp-content\/uploads\/2025\/01\/1a60b254-a086-4ee3-b744-dd79298c32f8-780x1024.jpg\" alt=\"\" class=\"wp-image-13919\" style=\"width:326px;height:auto\" srcset=\"https:\/\/enlamira.info\/wp-content\/uploads\/2025\/01\/1a60b254-a086-4ee3-b744-dd79298c32f8-780x1024.jpg 780w, https:\/\/enlamira.info\/wp-content\/uploads\/2025\/01\/1a60b254-a086-4ee3-b744-dd79298c32f8-229x300.jpg 229w, https:\/\/enlamira.info\/wp-content\/uploads\/2025\/01\/1a60b254-a086-4ee3-b744-dd79298c32f8-768x1008.jpg 768w, https:\/\/enlamira.info\/wp-content\/uploads\/2025\/01\/1a60b254-a086-4ee3-b744-dd79298c32f8.jpg 1080w\" sizes=\"(max-width: 780px) 100vw, 780px\" \/><\/figure>\n\n\n\n<p>Vida Cotidiana y Solvencia<\/p>\n\n\n\n<p>&#8220;Un d\u00eda t\u00edpico de mi vida incluye estudios casi todos los d\u00edas y el tratamiento de mi hijo. A la vez, trato de que ellos lleven una vida normal: juegan a la pelota, salen, y trato de hacerlos despejar un poco. Yo tengo la asignaci\u00f3n de mis hijos y pago alquiler, gastos, y compro comida con lo que me alcanza. Es muy dif\u00edcil criar a mis tres hijos sola, pero trato de superar todas estas cosas con un poquito de llanto y a retomar la vida cotidiana de madre. Al no tener a sus padres, tengo que estar entera. Es muy dif\u00edcil, pero se enfrenta, todo se enfrenta.&#8221;<\/p>\n\n\n\n<p>Condici\u00f3n Auditiva del Hijo<\/p>\n\n\n\n<p>&#8220;\u00c9l ha estado feliz, vino todo el camino contento, escuchando todo tipo de ruidos que nunca hab\u00eda o\u00eddo antes. Le sorprend\u00eda hasta el ruido del timbre del colectivo. Ahora escucha m\u00fasica, la pone \u00e9l mismo, y antes no le gustaba porque no la escuchaba bien. No le gustaba escuchar m\u00fasica porque se sent\u00eda menos. Ahora est\u00e1 feliz, feliz. Recibe atenci\u00f3n m\u00e9dica en la salita de Rod\u00f3, donde recibe terapia fonoaudiol\u00f3gica y psicopedag\u00f3gica. Tambi\u00e9n lo atienden en el otorrino del Casa Cuna, donde la jefa de otorrino es su m\u00e9dica.&#8221;<\/p>\n\n\n\n<figure class=\"wp-block-image size-large is-resized\"><img loading=\"lazy\" decoding=\"async\" width=\"576\" height=\"1024\" src=\"https:\/\/enlamira.info\/wp-content\/uploads\/2025\/01\/ddea53d0-88ba-4398-8f48-fb4484aabccf-576x1024.jpg\" alt=\"\" class=\"wp-image-13920\" style=\"width:344px;height:auto\" srcset=\"https:\/\/enlamira.info\/wp-content\/uploads\/2025\/01\/ddea53d0-88ba-4398-8f48-fb4484aabccf-576x1024.jpg 576w, https:\/\/enlamira.info\/wp-content\/uploads\/2025\/01\/ddea53d0-88ba-4398-8f48-fb4484aabccf-169x300.jpg 169w, https:\/\/enlamira.info\/wp-content\/uploads\/2025\/01\/ddea53d0-88ba-4398-8f48-fb4484aabccf-768x1366.jpg 768w, https:\/\/enlamira.info\/wp-content\/uploads\/2025\/01\/ddea53d0-88ba-4398-8f48-fb4484aabccf-864x1536.jpg 864w, https:\/\/enlamira.info\/wp-content\/uploads\/2025\/01\/ddea53d0-88ba-4398-8f48-fb4484aabccf.jpg 899w\" sizes=\"(max-width: 576px) 100vw, 576px\" \/><\/figure>\n\n\n\n<p>Apoyo y Comunidad<\/p>\n\n\n\n<p>&#8220;S\u00ed, he recibido apoyo. Tengo una amiga que es lo m\u00e1s. Tambi\u00e9n tengo amigos que hicieron difusi\u00f3n. Mi hermana me hizo una imagen, que se esparci\u00f3 por todos lados y con la que me estaban ayudando. Esa la hizo mi hermana porque yo no s\u00e9 c\u00f3mo, \u00bfviste? Y al no tener trabajo, porque tengo que estar d\u00eda tras d\u00eda con los estudios, se me complica un mont\u00f3n. Entonces mi hermana la hizo y lo difundimos entre todos.&#8221;<\/p>\n\n\n\n<p>Experiencia como Madre<\/p>\n\n\n\n<p>&#8220;Mi experiencia como madre ha sido muy dif\u00edcil, porque tengo que estar entre los hospitales. Al tener una beb\u00e9 de un a\u00f1o y cinco meses, se me complica un mont\u00f3n con muchas cosas. Pero aunque fue dif\u00edcil, no fue imposible. Voy y vengo con mis hijos, y gracias a Dios, tengo a mi mam\u00e1 y a mis hermanas que me ayudan un mont\u00f3n. En ese sentido, estoy feliz.&#8221;<\/p>\n\n\n\n<p>El Rol del Padre<\/p>\n\n\n\n<p>&#8220;El rol del padre, antes cuando estaba con sus hijos, era muy amoroso. Estaba presente, iba y ven\u00eda, era muy padre con sus hijos, los atend\u00eda como si fuera lo normal. Pero despu\u00e9s de que se fue, se alej\u00f3 y no est\u00e1 en los estudios, no est\u00e1 en lo que es&#8230; No est\u00e1, no est\u00e1. Estoy sola con los tres.&#8221;<\/p>\n\n\n\n<p>Esperanza y Futuro<\/p>\n\n\n\n<p>&#8220;Yo espero que mi hijo pueda escuchar, manejarse, hablar, aprender y escolarizarse bien, como cualquier chico normal. Que pueda ser alguien como la gente, alguien que pueda estudiar y estar bien. Con la operaci\u00f3n hay miedos, no te voy a decir que no, pero s\u00e9 que es lo mejor para \u00e9l. S\u00e9 que todo va a llegar y que va a salir adelante.&#8221;<\/p>\n\n\n\n<p>Consejo para Otras Madres<\/p>\n\n\n\n<p>&#8220;Y el consejo que le dar\u00eda a todas las madres que est\u00e1n pasando por esto que aunque digan lo que digan todo se puede todo se puede todo se puede ello ten\u00eda todo en contra todo en contra todo en contra ten\u00eda sin ayuda econ\u00f3mica sin sola sola sola sola y se puede y se puede una lloradita sacudida y adelante.&#8221;<\/p>\n\n\n\n<p>PARA AYUDAR <\/p>\n\n\n\n<figure class=\"wp-block-image size-full\"><img loading=\"lazy\" decoding=\"async\" width=\"461\" height=\"589\" src=\"https:\/\/enlamira.info\/wp-content\/uploads\/2025\/01\/jero.jpg\" alt=\"\" class=\"wp-image-13921\" srcset=\"https:\/\/enlamira.info\/wp-content\/uploads\/2025\/01\/jero.jpg 461w, https:\/\/enlamira.info\/wp-content\/uploads\/2025\/01\/jero-235x300.jpg 235w\" sizes=\"(max-width: 461px) 100vw, 461px\" \/><\/figure>\n","protected":false},"excerpt":{"rendered":"<p>Rosa Torres, est\u00e1 llevando a cabo una cruzada para recaudar dinero y comprar audifonos especiales para su hijo Jero, quien padece anacusia e hipoacusia. Necesita juntar un mill\u00f3n y medio de pesos para lograrlo. Las donaciones se pueden realizar a trav\u00e9s de Mercado Pago, utilizando el alias rosato.93 rosa Beatriz torres. Rosa ha estado luchando [&hellip;]<\/p>\n","protected":false},"author":2,"featured_media":13917,"comment_status":"open","ping_status":"open","sticky":false,"template":"","format":"standard","meta":{"footnotes":""},"categories":[1,23,34],"tags":[705],"_links":{"self":[{"href":"https:\/\/enlamira.info\/index.php\/wp-json\/wp\/v2\/posts\/13915"}],"collection":[{"href":"https:\/\/enlamira.info\/index.php\/wp-json\/wp\/v2\/posts"}],"about":[{"href":"https:\/\/enlamira.info\/index.php\/wp-json\/wp\/v2\/types\/post"}],"author":[{"embeddable":true,"href":"https:\/\/enlamira.info\/index.php\/wp-json\/wp\/v2\/users\/2"}],"replies":[{"embeddable":true,"href":"https:\/\/enlamira.info\/index.php\/wp-json\/wp\/v2\/comments?post=13915"}],"version-history":[{"count":4,"href":"https:\/\/enlamira.info\/index.php\/wp-json\/wp\/v2\/posts\/13915\/revisions"}],"predecessor-version":[{"id":13925,"href":"https:\/\/enlamira.info\/index.php\/wp-json\/wp\/v2\/posts\/13915\/revisions\/13925"}],"wp:featuredmedia":[{"embeddable":true,"href":"https:\/\/enlamira.info\/index.php\/wp-json\/wp\/v2\/media\/13917"}],"wp:attachment":[{"href":"https:\/\/enlamira.info\/index.php\/wp-json\/wp\/v2\/media?parent=13915"}],"wp:term":[{"taxonomy":"category","embeddable":true,"href":"https:\/\/enlamira.info\/index.php\/wp-json\/wp\/v2\/categories?post=13915"},{"taxonomy":"post_tag","embeddable":true,"href":"https:\/\/enlamira.info\/index.php\/wp-json\/wp\/v2\/tags?post=13915"}],"curies":[{"name":"wp","href":"https:\/\/api.w.org\/{rel}","templated":true}]}}