{"id":13905,"date":"2025-01-14T14:39:02","date_gmt":"2025-01-14T17:39:02","guid":{"rendered":"https:\/\/enlamira.info\/?p=13905"},"modified":"2025-01-14T14:39:02","modified_gmt":"2025-01-14T17:39:02","slug":"avellaneda-surdanza-presento-cascanueces-en-el-teatro-roma","status":"publish","type":"post","link":"https:\/\/enlamira.info\/index.php\/2025\/01\/14\/avellaneda-surdanza-presento-cascanueces-en-el-teatro-roma\/","title":{"rendered":"Avellaneda: Surdanza present\u00f3 Cascanueces en el Teatro Roma"},"content":{"rendered":"\n<p>&nbsp;Surdanza, instituci\u00f3n de Wilde con 32 a\u00f1os de trayectoria cerr\u00f3 el a\u00f1o con cinco eventos entre ellos Cascanueces, Recuerdo de Nochebuena una versi\u00f3n libre del ballet con m\u00fasica de Tchaicovsky con alumnos y alumnas de danza cl\u00e1sica y profesionales invitados. Una puesta en el bello Teatro Roma que combin\u00f3 proyecciones, escenograf\u00eda corp\u00f3rea y los lenguajes de la danza y el teatro bajo la direcci\u00f3n general de Luciana Prato.<\/p>\n\n\n\n<p>El Hada de Az\u00facar fue protagonizada por Paloma Noguerol que inici\u00f3 sus estudios de danza cl\u00e1sica en Surdanza a la edad de 4 a\u00f1os. Paloma egresada actualmente de una de las escuelas m\u00e1s prestigiosas de danza cl\u00e1sica del mundo, el Teatro Col\u00f3n donde adem\u00e1s es refuerzo del Ballet Estable. Estar\u00e1 dictando seminarios de perfeccionamiento en Surdanza durante 2025.<\/p>\n\n\n\n<p>Franco Ferrante con ductilidad y carisma fue un Droselmeyer que relat\u00f3 y llev\u00f3 los hilos de la historia recreando un universo m\u00e1gico de objetos y recuerdos.<\/p>\n\n\n\n<p>Baires Sur Ballet compa\u00f1\u00eda que despliega una tarea constante en el ballet dirigida por Laura Fiorucci, han sido parte de la producci\u00f3n con Mar\u00eda Lujan Costa, una dulce Clara, Alejandro Molina Lucena que se destac\u00f3 con su t\u00e9cnica y saltos como Cascanueces y un potente y simp\u00e1tico Rey Rat\u00f3n interpretado por Marlon Casado.<\/p>\n\n\n\n<p>Las maestras Mariela Brianes y Valentina Piombo realizaron las coreograf\u00edas, Mat\u00edas Cortes la iluminaci\u00f3n y arte digital, Mario Lescano elementos escenogr\u00e1ficos, vestuario Claudia Estequin. Asistentes de direcci\u00f3n Fiorella Ciarallo y Carolina Romero.<\/p>\n\n\n\n<p>Del 11 al 21 de febrero se llevar\u00e1 a cabo CIMUDATE, Ciclo de Teatro Musical y Teatro Danza con propuestas de seminarios, talleres, ensayos abiertos y funciones en Surdanza.<\/p>\n\n\n\n<p>Para m\u00e1s informaci\u00f3n<\/p>\n\n\n\n<p>IG: surdanza_espacio<\/p>\n\n\n\n<p>tel 1151807194<\/p>\n\n\n\n<p>www.surdanza.com.ar<\/p>\n","protected":false},"excerpt":{"rendered":"<p>&nbsp;Surdanza, instituci\u00f3n de Wilde con 32 a\u00f1os de trayectoria cerr\u00f3 el a\u00f1o con cinco eventos entre ellos Cascanueces, Recuerdo de Nochebuena una versi\u00f3n libre del ballet con m\u00fasica de Tchaicovsky con alumnos y alumnas de danza cl\u00e1sica y profesionales invitados. Una puesta en el bello Teatro Roma que combin\u00f3 proyecciones, escenograf\u00eda corp\u00f3rea y los lenguajes [&hellip;]<\/p>\n","protected":false},"author":2,"featured_media":13907,"comment_status":"open","ping_status":"open","sticky":false,"template":"","format":"standard","meta":{"footnotes":""},"categories":[1,15],"tags":[703],"_links":{"self":[{"href":"https:\/\/enlamira.info\/index.php\/wp-json\/wp\/v2\/posts\/13905"}],"collection":[{"href":"https:\/\/enlamira.info\/index.php\/wp-json\/wp\/v2\/posts"}],"about":[{"href":"https:\/\/enlamira.info\/index.php\/wp-json\/wp\/v2\/types\/post"}],"author":[{"embeddable":true,"href":"https:\/\/enlamira.info\/index.php\/wp-json\/wp\/v2\/users\/2"}],"replies":[{"embeddable":true,"href":"https:\/\/enlamira.info\/index.php\/wp-json\/wp\/v2\/comments?post=13905"}],"version-history":[{"count":1,"href":"https:\/\/enlamira.info\/index.php\/wp-json\/wp\/v2\/posts\/13905\/revisions"}],"predecessor-version":[{"id":13908,"href":"https:\/\/enlamira.info\/index.php\/wp-json\/wp\/v2\/posts\/13905\/revisions\/13908"}],"wp:featuredmedia":[{"embeddable":true,"href":"https:\/\/enlamira.info\/index.php\/wp-json\/wp\/v2\/media\/13907"}],"wp:attachment":[{"href":"https:\/\/enlamira.info\/index.php\/wp-json\/wp\/v2\/media?parent=13905"}],"wp:term":[{"taxonomy":"category","embeddable":true,"href":"https:\/\/enlamira.info\/index.php\/wp-json\/wp\/v2\/categories?post=13905"},{"taxonomy":"post_tag","embeddable":true,"href":"https:\/\/enlamira.info\/index.php\/wp-json\/wp\/v2\/tags?post=13905"}],"curies":[{"name":"wp","href":"https:\/\/api.w.org\/{rel}","templated":true}]}}