{"id":1390,"date":"2024-03-18T11:31:34","date_gmt":"2024-03-18T14:31:34","guid":{"rendered":"https:\/\/enlamira.info\/?p=1390"},"modified":"2024-03-18T11:32:41","modified_gmt":"2024-03-18T14:32:41","slug":"organizaciones-de-izquierda-cortan-los-principales-accesos-a-la-ciudad","status":"publish","type":"post","link":"https:\/\/enlamira.info\/index.php\/2024\/03\/18\/organizaciones-de-izquierda-cortan-los-principales-accesos-a-la-ciudad\/","title":{"rendered":"Organizaciones de izquierda cortan los principales accesos a la Ciudad"},"content":{"rendered":"\n<p>Exigen la provisi\u00f3n de alimentos para los comedores comunitarios, aumentos en los planes y protestan por la eliminaci\u00f3n del ex programa Potenciar Trabajo. El Gobierno advierte que aplicar\u00e1 el protocolo y los desalojar\u00e1 si bloquean calles, avenidas o puentes.<\/p>\n\n\n\n<p>Agrupaciones\u00a0kirchneristas\u00a0y de izquierda comenzaron a movilizarse en el marco de un\u00a0\u201cpiquetazo nacional\u201d\u00a0en diversos puntos del pa\u00eds, liderado por la Uni\u00f3n Trabajadores de la Econom\u00eda Popular (UTEP) y otros espacios sociales.<\/p>\n\n\n\n<p>La convocatoria surgi\u00f3 en medio de la evaluaci\u00f3n por parte del\u00a0Gobierno\u00a0de medidas para restringir los cortes de calles y puentes, con el posible\u00a0retiro de planes sociales a quienes participen en estas protestas.<\/p>\n\n\n\n<p>El Gobierno nacional, por su parte, anunci\u00f3 que aplicar\u00e1 el protocolo y los desalojar\u00e1 si bloquean calles, avenidas o puentes.<\/p>\n\n\n\n<p>Los manifestantes\u00a0comenzaron a bloquear cinco puntos de acceso a la Ciudad de Buenos Aires y anuncian m\u00e1s de 500\u00a0cortes\u00a0en todo el territorio nacional. Bajo la consigna \u201cEl hambre no espera\u201d, exigen la entrega de alimentos para comedores comunitarios, aumentos en los planes sociales y rechazan la eliminaci\u00f3n del programa Potenciar Trabajo.<\/p>\n\n\n\n<p>La ministra\u00a0Pettovello, por su parte, anunci\u00f3 que ya llam\u00f3 a licitaci\u00f3n para la compra de alimentos \u201cde forma trasparente\u201d, que rompi\u00f3 con la \u201ccartelizaci\u00f3n\u201d que exist\u00eda y que la asistencia est\u00e1 llegando a trav\u00e9s del aumento del 100% en el valor de la Tarjeta Alimentar, y del programa Alimentar Comunidad, una tarjeta prepaga que se les otorga a los responsables de los comedores y merenderos \u201cmatriculados\u201d.<\/p>\n\n\n\n<p>Entre los movimientos que convocan a tomar las calles, se encuentran el Polo Obrero y la Unidad Piquetera, liderados por\u00a0Eduardo Belliboni; el Frente Popular Dar\u00edo Santill\u00e1n, que lidera Dina S\u00e1nchez; el Movimiento Evita, que entre sus principales dirigentes tiene a Emilio P\u00e9rsico, Gildo Onorato y Alejandro Gramajo, tambi\u00e9n secretario general de la UTEP, Libres del Sur, encabezado por Silvia Saravia; la Corriente Clasista y Combativa, liderada por Juan Carlos Alderete y el Movimiento de Trabajadores Excluidos (MTE), referenciado en Juan Grabois y Nicol\u00e1s Caropresi.<\/p>\n","protected":false},"excerpt":{"rendered":"<p>Exigen la provisi\u00f3n de alimentos para los comedores comunitarios, aumentos en los planes y protestan por la eliminaci\u00f3n del ex programa Potenciar Trabajo. El Gobierno advierte que aplicar\u00e1 el protocolo y los desalojar\u00e1 si bloquean calles, avenidas o puentes. Agrupaciones\u00a0kirchneristas\u00a0y de izquierda comenzaron a movilizarse en el marco de un\u00a0\u201cpiquetazo nacional\u201d\u00a0en diversos puntos del pa\u00eds, [&hellip;]<\/p>\n","protected":false},"author":2,"featured_media":1393,"comment_status":"open","ping_status":"open","sticky":false,"template":"","format":"standard","meta":{"footnotes":""},"categories":[8],"tags":[],"_links":{"self":[{"href":"https:\/\/enlamira.info\/index.php\/wp-json\/wp\/v2\/posts\/1390"}],"collection":[{"href":"https:\/\/enlamira.info\/index.php\/wp-json\/wp\/v2\/posts"}],"about":[{"href":"https:\/\/enlamira.info\/index.php\/wp-json\/wp\/v2\/types\/post"}],"author":[{"embeddable":true,"href":"https:\/\/enlamira.info\/index.php\/wp-json\/wp\/v2\/users\/2"}],"replies":[{"embeddable":true,"href":"https:\/\/enlamira.info\/index.php\/wp-json\/wp\/v2\/comments?post=1390"}],"version-history":[{"count":3,"href":"https:\/\/enlamira.info\/index.php\/wp-json\/wp\/v2\/posts\/1390\/revisions"}],"predecessor-version":[{"id":1394,"href":"https:\/\/enlamira.info\/index.php\/wp-json\/wp\/v2\/posts\/1390\/revisions\/1394"}],"wp:featuredmedia":[{"embeddable":true,"href":"https:\/\/enlamira.info\/index.php\/wp-json\/wp\/v2\/media\/1393"}],"wp:attachment":[{"href":"https:\/\/enlamira.info\/index.php\/wp-json\/wp\/v2\/media?parent=1390"}],"wp:term":[{"taxonomy":"category","embeddable":true,"href":"https:\/\/enlamira.info\/index.php\/wp-json\/wp\/v2\/categories?post=1390"},{"taxonomy":"post_tag","embeddable":true,"href":"https:\/\/enlamira.info\/index.php\/wp-json\/wp\/v2\/tags?post=1390"}],"curies":[{"name":"wp","href":"https:\/\/api.w.org\/{rel}","templated":true}]}}