{"id":13871,"date":"2025-01-13T09:56:13","date_gmt":"2025-01-13T12:56:13","guid":{"rendered":"https:\/\/enlamira.info\/?p=13871"},"modified":"2025-01-13T09:57:59","modified_gmt":"2025-01-13T12:57:59","slug":"villa-dominico-okupas-mantenian-secuestrada-a-una-abuelita-duena-de-la-casa","status":"publish","type":"post","link":"https:\/\/enlamira.info\/index.php\/2025\/01\/13\/villa-dominico-okupas-mantenian-secuestrada-a-una-abuelita-duena-de-la-casa\/","title":{"rendered":"Villa Dom\u00ednico: okupas manten\u00edan secuestrada a una abuelita, due\u00f1a de la casa."},"content":{"rendered":"\n<p>Una mujer de 79 a\u00f1os fue v\u00edctima de un calvario en Villa Dom\u00ednico, partido de Avellaneda. Junto a su pareja, alquilaban habitaciones en su casa, pero tras el fallecimiento de \u00e9l, los inquilinos la encerraron en una peque\u00f1a habitaci\u00f3n y la amenazaron con internarla en un hospital psiqui\u00e1trico.<\/p>\n\n\n\n<p><strong>Detalles del caso<\/strong><\/p>\n\n\n\n<p>Graciela, de 79 a\u00f1os, qued\u00f3 sola en la casa ubicada en la calle Darwin al 400. Los imputados no solo la privaron de libertad, sino que tambi\u00e9n le quitaron su medicaci\u00f3n, poniendo en riesgo su salud. Adem\u00e1s, utilizaron su tarjeta bancaria y su DNI para solicitar un pr\u00e9stamo millonario que ella debe pagar todos los meses, sin haber recibido ese dinero. Tambi\u00e9n se apropiaban de su jubilaci\u00f3n mensual.<\/p>\n\n\n\n<p><strong>Intervenci\u00f3n policial<\/strong><\/p>\n\n\n\n<p>Los vecinos y la propia v\u00edctima denunciaron la situaci\u00f3n ante la Polic\u00eda, lo que deriv\u00f3 en el allanamiento de la vivienda y la aprehensi\u00f3n de dos de los tres acusados. Durante el operativo, la mujer recuper\u00f3 su vivienda y se encontraron medicamentos en poder de los acusados, dos hombres de 55 y 65 a\u00f1os. &#8220;Se procedi\u00f3 a la exclusi\u00f3n del hogar de los nombrados, restituyendo el inmueble a la v\u00edctima&#8221;, informaron fuentes policiales.<\/p>\n\n\n\n<p>La causa est\u00e1 a cargo de la Unidad Funcional de Instrucci\u00f3n (UFI) 1 y del Juzgado de Garant\u00edas 3 del Departamento Judicial de Avellaneda-Lan\u00fas.<\/p>\n","protected":false},"excerpt":{"rendered":"<p>Una mujer de 79 a\u00f1os fue v\u00edctima de un calvario en Villa Dom\u00ednico, partido de Avellaneda. Junto a su pareja, alquilaban habitaciones en su casa, pero tras el fallecimiento de \u00e9l, los inquilinos la encerraron en una peque\u00f1a habitaci\u00f3n y la amenazaron con internarla en un hospital psiqui\u00e1trico. Detalles del caso Graciela, de 79 a\u00f1os, [&hellip;]<\/p>\n","protected":false},"author":2,"featured_media":13875,"comment_status":"open","ping_status":"open","sticky":false,"template":"","format":"standard","meta":{"footnotes":""},"categories":[1,32],"tags":[693,692],"_links":{"self":[{"href":"https:\/\/enlamira.info\/index.php\/wp-json\/wp\/v2\/posts\/13871"}],"collection":[{"href":"https:\/\/enlamira.info\/index.php\/wp-json\/wp\/v2\/posts"}],"about":[{"href":"https:\/\/enlamira.info\/index.php\/wp-json\/wp\/v2\/types\/post"}],"author":[{"embeddable":true,"href":"https:\/\/enlamira.info\/index.php\/wp-json\/wp\/v2\/users\/2"}],"replies":[{"embeddable":true,"href":"https:\/\/enlamira.info\/index.php\/wp-json\/wp\/v2\/comments?post=13871"}],"version-history":[{"count":2,"href":"https:\/\/enlamira.info\/index.php\/wp-json\/wp\/v2\/posts\/13871\/revisions"}],"predecessor-version":[{"id":13877,"href":"https:\/\/enlamira.info\/index.php\/wp-json\/wp\/v2\/posts\/13871\/revisions\/13877"}],"wp:featuredmedia":[{"embeddable":true,"href":"https:\/\/enlamira.info\/index.php\/wp-json\/wp\/v2\/media\/13875"}],"wp:attachment":[{"href":"https:\/\/enlamira.info\/index.php\/wp-json\/wp\/v2\/media?parent=13871"}],"wp:term":[{"taxonomy":"category","embeddable":true,"href":"https:\/\/enlamira.info\/index.php\/wp-json\/wp\/v2\/categories?post=13871"},{"taxonomy":"post_tag","embeddable":true,"href":"https:\/\/enlamira.info\/index.php\/wp-json\/wp\/v2\/tags?post=13871"}],"curies":[{"name":"wp","href":"https:\/\/api.w.org\/{rel}","templated":true}]}}