{"id":1387,"date":"2024-03-18T11:30:36","date_gmt":"2024-03-18T14:30:36","guid":{"rendered":"https:\/\/enlamira.info\/?p=1387"},"modified":"2024-03-18T11:59:43","modified_gmt":"2024-03-18T14:59:43","slug":"axel-kicillof-acuso-a-javier-milei-de-llevar-adelante-un-plan-economico-criminal","status":"publish","type":"post","link":"https:\/\/enlamira.info\/index.php\/2024\/03\/18\/axel-kicillof-acuso-a-javier-milei-de-llevar-adelante-un-plan-economico-criminal\/","title":{"rendered":"Axel Kicillof acus\u00f3 a Javier Milei de llevar adelante un \u201cplan econ\u00f3mico criminal\u201d"},"content":{"rendered":"\n<p>El gobernador bonaerense acus\u00f3 al Presidente de buscar \u201cdesintegrar las capacidades del Estado e incluso la unidad nacional\u201d.<\/p>\n\n\n\n<p>El gobernador bonaerense acus\u00f3 al Presidente de buscar \u201cdesintegrar las capacidades del Estado e incluso la unidad nacional\u201d.<\/p>\n\n\n\n<p>Para fundamentar esa mirada, explic\u00f3 que, ante la falta de prestaciones b\u00e1sicas como la salud y la educaci\u00f3n, \u201clas organizaciones criminales empiezan a tomar el lugar\u201d que le corresponde al Estado. \u201cHay escuchas de algunos miembros de organizaciones criminales que empezaban a hablar de pagar los remedios, que no se pod\u00edan pagar por el aumento desmesurado que hubo en las farmacias\u201d, argument\u00f3.<\/p>\n\n\n\n<p>\u201cNo s\u00e9 por qu\u00e9 lo hace, no soy psic\u00f3logo. Hay que ponerle freno urgentemente a un desquicio y a la creencia de que es por impulsos, por raptos que se toman las decisiones. No se puede gobernar por impulso. Si una persona gobierna por impulsos uno se pregunta c\u00f3mo pretende gobernar a un pa\u00eds. Tal vez sea una respuesta o una venganza por lo que ocurri\u00f3 con el DNU en el Senado\u201d, concluy\u00f3 el gobernador.<\/p>\n","protected":false},"excerpt":{"rendered":"<p>El gobernador bonaerense acus\u00f3 al Presidente de buscar \u201cdesintegrar las capacidades del Estado e incluso la unidad nacional\u201d. El gobernador bonaerense acus\u00f3 al Presidente de buscar \u201cdesintegrar las capacidades del Estado e incluso la unidad nacional\u201d. Para fundamentar esa mirada, explic\u00f3 que, ante la falta de prestaciones b\u00e1sicas como la salud y la educaci\u00f3n, \u201clas [&hellip;]<\/p>\n","protected":false},"author":2,"featured_media":1389,"comment_status":"open","ping_status":"open","sticky":false,"template":"","format":"standard","meta":{"footnotes":""},"categories":[20],"tags":[],"_links":{"self":[{"href":"https:\/\/enlamira.info\/index.php\/wp-json\/wp\/v2\/posts\/1387"}],"collection":[{"href":"https:\/\/enlamira.info\/index.php\/wp-json\/wp\/v2\/posts"}],"about":[{"href":"https:\/\/enlamira.info\/index.php\/wp-json\/wp\/v2\/types\/post"}],"author":[{"embeddable":true,"href":"https:\/\/enlamira.info\/index.php\/wp-json\/wp\/v2\/users\/2"}],"replies":[{"embeddable":true,"href":"https:\/\/enlamira.info\/index.php\/wp-json\/wp\/v2\/comments?post=1387"}],"version-history":[{"count":1,"href":"https:\/\/enlamira.info\/index.php\/wp-json\/wp\/v2\/posts\/1387\/revisions"}],"predecessor-version":[{"id":1388,"href":"https:\/\/enlamira.info\/index.php\/wp-json\/wp\/v2\/posts\/1387\/revisions\/1388"}],"wp:featuredmedia":[{"embeddable":true,"href":"https:\/\/enlamira.info\/index.php\/wp-json\/wp\/v2\/media\/1389"}],"wp:attachment":[{"href":"https:\/\/enlamira.info\/index.php\/wp-json\/wp\/v2\/media?parent=1387"}],"wp:term":[{"taxonomy":"category","embeddable":true,"href":"https:\/\/enlamira.info\/index.php\/wp-json\/wp\/v2\/categories?post=1387"},{"taxonomy":"post_tag","embeddable":true,"href":"https:\/\/enlamira.info\/index.php\/wp-json\/wp\/v2\/tags?post=1387"}],"curies":[{"name":"wp","href":"https:\/\/api.w.org\/{rel}","templated":true}]}}