{"id":13859,"date":"2025-01-10T08:56:22","date_gmt":"2025-01-10T11:56:22","guid":{"rendered":"https:\/\/enlamira.info\/?p=13859"},"modified":"2025-01-10T08:56:22","modified_gmt":"2025-01-10T11:56:22","slug":"cerro-la-fabrica-que-elaboraba-una-margarina-famosa-por-un-jingle-publicitario-muy-pegadizo","status":"publish","type":"post","link":"https:\/\/enlamira.info\/index.php\/2025\/01\/10\/cerro-la-fabrica-que-elaboraba-una-margarina-famosa-por-un-jingle-publicitario-muy-pegadizo\/","title":{"rendered":"Cerr\u00f3 la f\u00e1brica que elaboraba una margarina famosa por un jingle publicitario muy pegadizo"},"content":{"rendered":"\n<p>La empresa productora de margarina y aderezos tercerizar\u00e1 la producci\u00f3n. Adujo altos costos laborales y la ca\u00edda de las ventas, entre las principales causas.<\/p>\n\n\n\n<p>La hist\u00f3rica planta de D\u00e1nica en Lavallol, ubicada en la zona sur del Gran Buenos Aires, cerr\u00f3 sus puertas y notific\u00f3 a aproximadamente 150 operarios sobre su despido, con un pago de indemnizaci\u00f3n reducido. Esta decisi\u00f3n sigue a la suspensi\u00f3n de actividades que la empresa hab\u00eda iniciado en octubre de 2023, cuando adelant\u00f3 las vacaciones del personal y ofreci\u00f3 un plan de retiro voluntario. La confirmaci\u00f3n del cierre fue realizada en las \u00faltimas horas, cuando comenzaron a enviarse los telegramas de despido.<\/p>\n\n\n\n<p>En los mensajes enviados a los trabajadores, la empresa detall\u00f3 que se aplicaba el art\u00edculo 247 de la Ley de Contrato de Trabajo, que permite una indemnizaci\u00f3n reducida del 50% debido a la \u201cgrav\u00edsima situaci\u00f3n econ\u00f3mica\u201d. En tanto, algunos operarios a\u00fan no tienen claridad sobre su futuro laboral, ya que la producci\u00f3n ser\u00e1 trasladada al interior del pa\u00eds a trav\u00e9s de la tercerizaci\u00f3n.<\/p>\n\n\n\n<p>La planta de Lavallol, que hab\u00eda estado en funcionamiento desde 1939, dej\u00f3 de producir tras diversos intentos fallidos por mantenerse competitiva. Entre los motivos del cierre, la empresa cit\u00f3 los altos costos laborales, particularmente el encuadre sindical, que consideraron fuera de la media de la industria. A esto se sumaron las dificultades log\u00edsticas y la ca\u00edda en las ventas, en un contexto de recesi\u00f3n econ\u00f3mica.<\/p>\n\n\n\n<p>El anuncio fue recibido con rechazo por parte del Sindicato de Aceiteros y la Federaci\u00f3n de Trabajadores Aceiteros, que interpusieron una solicitud ante el Ministerio de Trabajo de la provincia de Buenos Aires para garantizar las fuentes de empleo de los operarios.<\/p>\n\n\n\n<p>D\u00e1nica, fundada en 1939 por un inmigrante dan\u00e9s, fue adquirida en 2011 por el grupo brasile\u00f1o BRF y, en 2019, pas\u00f3 a formar parte del Grupo Beltr\u00e1n. A pesar del cierre de la planta, la compa\u00f1\u00eda mantiene una planta productiva de aderezos en el Parque Industrial Ferreyra, en C\u00f3rdoba.<\/p>\n\n\n\n<p>Un jingle hist\u00f3rico<\/p>\n\n\n\n<p>La marca, famosa por su jingle publicitario, dej\u00f3 una huella imborrable en generaciones de argentinos. El eslogan \u201cD\u00e1nica Dorada, D\u00e1nica Dorada\u201d se convirti\u00f3 en un cl\u00e1sico, con la ni\u00f1a saltando la cuerda mientras repet\u00eda la frase, que fue emitida por primera vez en 1973. La imagen de la peque\u00f1a, con su soga, qued\u00f3 grabada junto al logo de la margarina, haciendo de la marca un nombre conocido en los hogares del pa\u00eds.<\/p>\n\n\n\n<p>La historia de D\u00e1nica comenz\u00f3 en 1940, cuando la compa\u00f1\u00eda comenz\u00f3 a producir margarina en su planta de Lavallol, que en 1963 comenz\u00f3 a producir la primera margarina vegetal bajo el nombre \u201cD\u00e1nica\u201d.<\/p>\n","protected":false},"excerpt":{"rendered":"<p>La empresa productora de margarina y aderezos tercerizar\u00e1 la producci\u00f3n. Adujo altos costos laborales y la ca\u00edda de las ventas, entre las principales causas. La hist\u00f3rica planta de D\u00e1nica en Lavallol, ubicada en la zona sur del Gran Buenos Aires, cerr\u00f3 sus puertas y notific\u00f3 a aproximadamente 150 operarios sobre su despido, con un pago [&hellip;]<\/p>\n","protected":false},"author":2,"featured_media":13867,"comment_status":"open","ping_status":"open","sticky":false,"template":"","format":"standard","meta":{"footnotes":""},"categories":[1,22,34],"tags":[690],"_links":{"self":[{"href":"https:\/\/enlamira.info\/index.php\/wp-json\/wp\/v2\/posts\/13859"}],"collection":[{"href":"https:\/\/enlamira.info\/index.php\/wp-json\/wp\/v2\/posts"}],"about":[{"href":"https:\/\/enlamira.info\/index.php\/wp-json\/wp\/v2\/types\/post"}],"author":[{"embeddable":true,"href":"https:\/\/enlamira.info\/index.php\/wp-json\/wp\/v2\/users\/2"}],"replies":[{"embeddable":true,"href":"https:\/\/enlamira.info\/index.php\/wp-json\/wp\/v2\/comments?post=13859"}],"version-history":[{"count":1,"href":"https:\/\/enlamira.info\/index.php\/wp-json\/wp\/v2\/posts\/13859\/revisions"}],"predecessor-version":[{"id":13868,"href":"https:\/\/enlamira.info\/index.php\/wp-json\/wp\/v2\/posts\/13859\/revisions\/13868"}],"wp:featuredmedia":[{"embeddable":true,"href":"https:\/\/enlamira.info\/index.php\/wp-json\/wp\/v2\/media\/13867"}],"wp:attachment":[{"href":"https:\/\/enlamira.info\/index.php\/wp-json\/wp\/v2\/media?parent=13859"}],"wp:term":[{"taxonomy":"category","embeddable":true,"href":"https:\/\/enlamira.info\/index.php\/wp-json\/wp\/v2\/categories?post=13859"},{"taxonomy":"post_tag","embeddable":true,"href":"https:\/\/enlamira.info\/index.php\/wp-json\/wp\/v2\/tags?post=13859"}],"curies":[{"name":"wp","href":"https:\/\/api.w.org\/{rel}","templated":true}]}}