{"id":13858,"date":"2025-01-10T08:50:50","date_gmt":"2025-01-10T11:50:50","guid":{"rendered":"https:\/\/enlamira.info\/?p=13858"},"modified":"2025-01-10T08:50:50","modified_gmt":"2025-01-10T11:50:50","slug":"en-provincia-de-buenos-aires-el-desempleo-y-la-subocupacion-crecen-en-forma-sostenida","status":"publish","type":"post","link":"https:\/\/enlamira.info\/index.php\/2025\/01\/10\/en-provincia-de-buenos-aires-el-desempleo-y-la-subocupacion-crecen-en-forma-sostenida\/","title":{"rendered":"En Provincia de Buenos Aires \u201cel desempleo y la subocupaci\u00f3n crecen en forma sostenida\u201d"},"content":{"rendered":"\n<p>En Provincia de Buenos Aires \u201cel desempleo y la subocupaci\u00f3n crecen en forma sostenida\u201d As\u00ed lo se\u00f1ala un informe elaborado por la Unidad de G\u00e9nero y Econom\u00eda (UGE) del Ministerio de Econom\u00eda bonaerense, titulado \u201cBrechas de g\u00e9nero laborales y de ingresos\u201d, el que revela un aumento constante en los \u00edndices de desocupaci\u00f3n y subocupaci\u00f3n en la regi\u00f3n. En un contexto econ\u00f3mico nacional adverso, durante el segundo trimestre de 2024, tanto hombres como mujeres experimentaron un incremento en la desocupaci\u00f3n (2,5 puntos porcentuales en mujeres y 1,2 en hombres) y la subocupaci\u00f3n.<\/p>\n\n\n\n<p>Seg\u00fan el informe del propio gobierno provincial, la tasa de desocupaci\u00f3n creci\u00f3 m\u00e1s entre las mujeres (+2,5 pp interanual) que entre los hombres (+1,1 pp), alcanzando el 10,6% y 7,6%, respectivamente. En cuanto a la subocupaci\u00f3n, el aumento fue mayor en los hombres (+1,9 pp) que en las mujeres (+0,8 pp), situ\u00e1ndose en 10,6% para ellos y 15,4% para ellas, lo que genera brechas de g\u00e9nero del 3% en desocupaci\u00f3n y del 4,8% en subocupaci\u00f3n.<\/p>\n\n\n\n<p>Se\u00f1ala adem\u00e1s, que el impacto es m\u00e1s evidente en las mujeres j\u00f3venes, quienes enfrentaron una ca\u00edda en la tasa de empleo de 0,6 pp, un incremento de la desocupaci\u00f3n de 4,5 pp y un aumento de la informalidad laboral de 11,3 pp. Por otro lado, los hombres adultos tambi\u00e9n sufrieron consecuencias significativas, con un aumento del desempleo de 1,1 pp, una reducci\u00f3n del empleo de 1,1 pp y una leve ca\u00edda en la actividad econ\u00f3mica de 0,1 pp.<\/p>\n\n\n\n<p>En este escenario, el n\u00famero de personas que requieren m\u00e1s de un empleo para sostenerse econ\u00f3micamente tambi\u00e9n creci\u00f3, especialmente entre los hombres. Sin embargo, las mujeres, aunque presentan una mayor tasa de pluriempleo, trabajan menos horas que los hombres en el mercado laboral formal.<\/p>\n\n\n\n<p>Mujeres con mayores obst\u00e1culos<\/p>\n\n\n\n<p>El estudio se\u00f1ala que las mujeres enfrentan mayores obst\u00e1culos para acceder a empleos de calidad, con jornadas completas y posiciones jer\u00e1rquicas, lo que se traduce en desigualdades salariales. Esto se debe, en gran medida, a la mayor carga de cuidados que asumen, limitando su participaci\u00f3n laboral tanto en tiempo como en condiciones.<\/p>\n\n\n\n<p>Barreras \u00e9stas, que contribuyen a que las mujeres est\u00e9n sobrerrepresentadas en los quintiles de ingresos m\u00e1s bajos, fen\u00f3meno conocido como feminizaci\u00f3n de la pobreza. Seg\u00fan los datos, de cada 100 personas en el 20% de menores ingresos, 63 son mujeres.<\/p>\n\n\n\n<p>La culpa del otro<\/p>\n\n\n\n<p>El informe subraya que las pol\u00edticas de ajuste del gobierno nacional han tenido un impacto m\u00e1s profundo en las mujeres j\u00f3venes y, en menor medida, en los hombres adultos. Estas desigualdades de g\u00e9nero hacen que las crisis econ\u00f3micas afecten de manera desproporcionada a mujeres y hombres.<\/p>\n\n\n\n<p>El an\u00e1lisis de la UGE, basado en datos de la Encuesta Permanente de Hogares (EPH) del INDEC y la Encuesta Nacional de Uso del Tiempo 2021, busca visibilizar estas desigualdades en el mercado laboral de la Provincia de Buenos Aires, especialmente en los seis aglomerados urbanos de la regi\u00f3n y el Gran Buenos Aires<\/p>\n","protected":false},"excerpt":{"rendered":"<p>En Provincia de Buenos Aires \u201cel desempleo y la subocupaci\u00f3n crecen en forma sostenida\u201d As\u00ed lo se\u00f1ala un informe elaborado por la Unidad de G\u00e9nero y Econom\u00eda (UGE) del Ministerio de Econom\u00eda bonaerense, titulado \u201cBrechas de g\u00e9nero laborales y de ingresos\u201d, el que revela un aumento constante en los \u00edndices de desocupaci\u00f3n y subocupaci\u00f3n en [&hellip;]<\/p>\n","protected":false},"author":2,"featured_media":13862,"comment_status":"open","ping_status":"open","sticky":false,"template":"","format":"standard","meta":{"footnotes":""},"categories":[1,21,5],"tags":[689],"_links":{"self":[{"href":"https:\/\/enlamira.info\/index.php\/wp-json\/wp\/v2\/posts\/13858"}],"collection":[{"href":"https:\/\/enlamira.info\/index.php\/wp-json\/wp\/v2\/posts"}],"about":[{"href":"https:\/\/enlamira.info\/index.php\/wp-json\/wp\/v2\/types\/post"}],"author":[{"embeddable":true,"href":"https:\/\/enlamira.info\/index.php\/wp-json\/wp\/v2\/users\/2"}],"replies":[{"embeddable":true,"href":"https:\/\/enlamira.info\/index.php\/wp-json\/wp\/v2\/comments?post=13858"}],"version-history":[{"count":1,"href":"https:\/\/enlamira.info\/index.php\/wp-json\/wp\/v2\/posts\/13858\/revisions"}],"predecessor-version":[{"id":13863,"href":"https:\/\/enlamira.info\/index.php\/wp-json\/wp\/v2\/posts\/13858\/revisions\/13863"}],"wp:featuredmedia":[{"embeddable":true,"href":"https:\/\/enlamira.info\/index.php\/wp-json\/wp\/v2\/media\/13862"}],"wp:attachment":[{"href":"https:\/\/enlamira.info\/index.php\/wp-json\/wp\/v2\/media?parent=13858"}],"wp:term":[{"taxonomy":"category","embeddable":true,"href":"https:\/\/enlamira.info\/index.php\/wp-json\/wp\/v2\/categories?post=13858"},{"taxonomy":"post_tag","embeddable":true,"href":"https:\/\/enlamira.info\/index.php\/wp-json\/wp\/v2\/tags?post=13858"}],"curies":[{"name":"wp","href":"https:\/\/api.w.org\/{rel}","templated":true}]}}