{"id":13819,"date":"2025-01-08T11:25:16","date_gmt":"2025-01-08T14:25:16","guid":{"rendered":"https:\/\/enlamira.info\/?p=13819"},"modified":"2025-01-08T11:25:16","modified_gmt":"2025-01-08T14:25:16","slug":"caso-agustina-casco-allanaron-la-escuela-de-policia-juan-vucetich","status":"publish","type":"post","link":"https:\/\/enlamira.info\/index.php\/2025\/01\/08\/caso-agustina-casco-allanaron-la-escuela-de-policia-juan-vucetich\/","title":{"rendered":"Caso Agustina Casco: Allanaron la Escuela de Polic\u00eda Juan Vucetich"},"content":{"rendered":"\n<p>D\u00edas atr\u00e1s se llev\u00f3 a cabo un allanamiento en la sede de la Escuela de Cadetes de la Polic\u00eda Bonaerense \u00abJuan Vucetich\u00bb, en Berazategui, en el marco de la investigaci\u00f3n sobre la muerte de Agustina Casco, la joven aspirante de polic\u00eda de 21 a\u00f1os que falleci\u00f3 en noviembre de 2023 despu\u00e9s de sufrir un fuerte golpe durante un entrenamiento.<\/p>\n\n\n\n<p>La fiscal\u00eda a cargo del caso, liderada por el doctor Cristian Granados, junto con la Divisi\u00f3n Homicidios de la Polic\u00eda Federal Argentina, secuestr\u00f3 documentaci\u00f3n y libros con datos relevantes para la causa. Adem\u00e1s, se tomaron declaraciones testimoniales en la sede educativa.<\/p>\n\n\n\n<p>La investigaci\u00f3n busca determinar las responsabilidades en torno a la muerte de Agustina Casco, quien muri\u00f3 en la unidad de terapia intensiva de la Cl\u00ednica Provincial de Merlo despu\u00e9s de pasar dos d\u00edas dolorida en su casa. La familia de la v\u00edctima siempre denunci\u00f3 que Agustina sufri\u00f3 un golpe durante las pr\u00e1cticas de esposamiento en la escuela de formaci\u00f3n de polic\u00edas ubicada sobre el Camino Centenario.<\/p>\n\n\n\n<p>El caso sigue avanzando, y se espera que se revelen m\u00e1s detalles sobre las circunstancias de la joven de 21 a\u00f1os.<\/p>\n\n\n\n<p>La muerte de Agustina Casco<\/p>\n\n\n\n<p>La muerte de Casco, quien se desempe\u00f1aba en el Comando de Patrullas de Lomas de Zamora, se produjo el 23 de noviembre, cuando se hallaba en la Unidad de Terapia Intensiva de la Cl\u00ednica Provincial de Merlo, adonde hab\u00eda sido internada el 19 de ese mes debido a una dolencia abdominal por la que fue atendida inicialmente en la guardia del Hospital Bicentenario de Ituzaing\u00f3.<\/p>\n\n\n\n<p>De acuerdo a lo reconstruido en la causa, Casco, quien realizaba el curso bajo la modalidad de internado y hab\u00eda sido relevada de su tarea en la fuerza, sali\u00f3 de franco de la Escuela Vucetich la tarde del viernes 17.<\/p>\n\n\n\n<p>Seg\u00fan declar\u00f3 su madre, Claudia Pereyra, en el marco de la investigaci\u00f3n, durante ese d\u00eda su hija le coment\u00f3 que en una pr\u00e1ctica de esposamiento realizada en el curso la golpearon en la cintura y en el bajo vientre, por lo que estaba dolorida. Siempre seg\u00fan los dichos de la mujer, el s\u00e1bado su hija continu\u00f3 con el malestar y el domingo comenz\u00f3 a sentir un dolor general y a desvanecerse, motivo por el cual fue llevada a la guardia del Bicentenario de Ituzaing\u00f3.<\/p>\n\n\n\n<p>En simult\u00e1neo a la causa judicial, desde la Auditor\u00eda de Asuntos Internos del Ministerio de Seguridad bonaerense se inici\u00f3 una investigaci\u00f3n para deslindar las responsabilidades de las autoridades de la escuela Vucetich.<\/p>\n","protected":false},"excerpt":{"rendered":"<p>D\u00edas atr\u00e1s se llev\u00f3 a cabo un allanamiento en la sede de la Escuela de Cadetes de la Polic\u00eda Bonaerense \u00abJuan Vucetich\u00bb, en Berazategui, en el marco de la investigaci\u00f3n sobre la muerte de Agustina Casco, la joven aspirante de polic\u00eda de 21 a\u00f1os que falleci\u00f3 en noviembre de 2023 despu\u00e9s de sufrir un fuerte [&hellip;]<\/p>\n","protected":false},"author":2,"featured_media":13832,"comment_status":"open","ping_status":"open","sticky":false,"template":"","format":"standard","meta":{"footnotes":""},"categories":[1,32],"tags":[680],"_links":{"self":[{"href":"https:\/\/enlamira.info\/index.php\/wp-json\/wp\/v2\/posts\/13819"}],"collection":[{"href":"https:\/\/enlamira.info\/index.php\/wp-json\/wp\/v2\/posts"}],"about":[{"href":"https:\/\/enlamira.info\/index.php\/wp-json\/wp\/v2\/types\/post"}],"author":[{"embeddable":true,"href":"https:\/\/enlamira.info\/index.php\/wp-json\/wp\/v2\/users\/2"}],"replies":[{"embeddable":true,"href":"https:\/\/enlamira.info\/index.php\/wp-json\/wp\/v2\/comments?post=13819"}],"version-history":[{"count":1,"href":"https:\/\/enlamira.info\/index.php\/wp-json\/wp\/v2\/posts\/13819\/revisions"}],"predecessor-version":[{"id":13833,"href":"https:\/\/enlamira.info\/index.php\/wp-json\/wp\/v2\/posts\/13819\/revisions\/13833"}],"wp:featuredmedia":[{"embeddable":true,"href":"https:\/\/enlamira.info\/index.php\/wp-json\/wp\/v2\/media\/13832"}],"wp:attachment":[{"href":"https:\/\/enlamira.info\/index.php\/wp-json\/wp\/v2\/media?parent=13819"}],"wp:term":[{"taxonomy":"category","embeddable":true,"href":"https:\/\/enlamira.info\/index.php\/wp-json\/wp\/v2\/categories?post=13819"},{"taxonomy":"post_tag","embeddable":true,"href":"https:\/\/enlamira.info\/index.php\/wp-json\/wp\/v2\/tags?post=13819"}],"curies":[{"name":"wp","href":"https:\/\/api.w.org\/{rel}","templated":true}]}}