{"id":13795,"date":"2025-01-06T10:05:07","date_gmt":"2025-01-06T13:05:07","guid":{"rendered":"https:\/\/enlamira.info\/?p=13795"},"modified":"2025-01-06T10:05:07","modified_gmt":"2025-01-06T13:05:07","slug":"oficializan-el-calendario-de-feriados-y-dias-no-laborables-del-2025","status":"publish","type":"post","link":"https:\/\/enlamira.info\/index.php\/2025\/01\/06\/oficializan-el-calendario-de-feriados-y-dias-no-laborables-del-2025\/","title":{"rendered":"Oficializan el calendario de feriados y d\u00edas no laborables del 2025"},"content":{"rendered":"\n<p>09:46 |El Gobierno nacional oficializ\u00f3 el calendario de feriados y d\u00edas no laborables correspondientes al 2025. 20 ser\u00e1n los feriados y d\u00edas no laborables, en tanto que 10, ser\u00e1n fines de semana largos, cuatro de ellos extra largos, es decir, de 4 d\u00edas.<\/p>\n\n\n\n<p>A trav\u00e9s del decreto 1027\/2024 \u2013que fija los d\u00edas no laborables con fines tur\u00edsticos\u2013 y la Ley 27.399 \u2013que establece el cronograma de feriados y d\u00edas no laborables de 2025, ser\u00e1n los siguientes:<\/p>\n\n\n\n<p>El mi\u00e9rcoles 1\u00b0 de enero es el primer feriado inamovible del 2025. A esa jornada le siguen en marzo tres feriados no trasladables: el lunes 3, el martes 4 y el lunes 24.<\/p>\n\n\n\n<p>En abril, ser\u00e1 feriado inamovible el 2. A su vez, el jueves 17 de abril qued\u00f3 establecido como d\u00eda no laborable, mientras que el d\u00eda siguiente, 18, es feriado inamovible.<\/p>\n\n\n\n<p>En el quinto mes del a\u00f1o, el feriado inamovible del 1\u00b0 de mayo caer\u00e1 en jueves; en tanto que el viernes 2 qued\u00f3 decretado como d\u00eda no laborable con fines tur\u00edsticos, mientras que el 25 de mayo, que cae en d\u00eda domingo, es otro de los feriados inamovibles.<\/p>\n\n\n\n<p>A su vez, en junio, el feriado del martes 17 se traslada al d\u00eda anterior (16); en tanto que el viernes 20 de junio es feriado inamovible.<\/p>\n\n\n\n<p>El mes siguiente, el mi\u00e9rcoles 9 de julio, es feriado inamovible. En tanto, el viernes 15 de agosto fue decretado d\u00eda no laborable con fines tur\u00edsticos, y el domingo 17 de agosto ser\u00e1 feriado.<\/p>\n\n\n\n<p>En 2025, el feriado por el 12 de octubre caer\u00e1 en d\u00eda domingo. En noviembre, el viernes 21 pasa a ser d\u00eda no laborable con fines tur\u00edsticos, y el feriado del 20 de noviembre se traslada al lunes 24.<\/p>\n\n\n\n<p>En el \u00faltimo mes del a\u00f1o, est\u00e1n contemplados como feriados inamovibles el lunes 8 de diciembre y el jueves 25 de diciembre.<\/p>\n\n\n\n<p>Cabe destacar que al no tener car\u00e1cter de feriado nacional, los d\u00edas no laborables no son obligatorios, por lo que cada empleador podr\u00e1 determinar su aplicaci\u00f3n. En el caso de la Administraci\u00f3n P\u00fablica Nacional, estos d\u00edas ser\u00e1n considerados de asueto. Tampoco se prev\u00e9 que haya actividad administrativa, educativa ni bancaria, entre otras.<\/p>\n\n\n\n<p>2025: los feriados por delante<\/p>\n\n\n\n<p>Marzo: Lunes 3 y martes 4: Carnaval (feriado inamovible); Lunes 24: D\u00eda Nacional de la Memoria por la Verdad y la Justicia (feriado inamovible).<\/p>\n\n\n\n<p>Abril: Mi\u00e9rcoles 2: D\u00eda del Veterano y de los Ca\u00eddos en la Guerra de Malvinas (feriado inamovible); Jueves 17: Jueves Santo (d\u00eda no laborable); Viernes 18: Viernes Santo (feriado inamovible).<\/p>\n\n\n\n<p>Mayo: Jueves 1: D\u00eda del Trabajador (feriado inamovible);&nbsp;&nbsp;&nbsp;&nbsp;&nbsp;&nbsp;&nbsp;&nbsp;&nbsp;&nbsp;&nbsp; Viernes 2: d\u00eda no laborable puente; Domingo 25: D\u00eda de la Revoluci\u00f3n de Mayo (feriado inamovible).<\/p>\n\n\n\n<p>Junio: Lunes 16: paso a la Inmortalidad del General Mart\u00edn Miguel de G\u00fcemes (se traslada del martes 17); Viernes 20: paso a la Inmortalidad del General Manuel Belgrano (feriado inamovible).<\/p>\n\n\n\n<p>Julio: Mi\u00e9rcoles 9: D\u00eda de la Independencia (feriado inamovible).<\/p>\n\n\n\n<p>Agosto: Viernes 15: d\u00eda no laborable puente; Domingo 17: paso a la Inmortalidad del General Jos\u00e9 de San Mart\u00edn (feriado trasladable).<\/p>\n\n\n\n<p>Octubre: Domingo 12: D\u00eda del Respeto a la Diversidad Cultural (feriado&nbsp; trasladable).<\/p>\n\n\n\n<p>Noviembre: Viernes 21: d\u00eda no laborable puente; Lunes 24: D\u00eda de la Soberan\u00eda Nacional (se traslada del jueves 20).<\/p>\n\n\n\n<p>Diciembre: Lunes 8: D\u00eda de la Inmaculada Concepci\u00f3n de Mar\u00eda (feriado inamovible); Jueves 25: Navidad (feriado inamovible).<\/p>\n\n\n\n<p>Al no tener car\u00e1cter de feriado nacional, los d\u00edas no laborables no son obligatorios y cada empleador podr\u00e1 determinar su aplicaci\u00f3n. En el caso de la Administraci\u00f3n P\u00fablica Nacional, ser\u00e1n considerados de asueto.<\/p>\n","protected":false},"excerpt":{"rendered":"<p>09:46 |El Gobierno nacional oficializ\u00f3 el calendario de feriados y d\u00edas no laborables correspondientes al 2025. 20 ser\u00e1n los feriados y d\u00edas no laborables, en tanto que 10, ser\u00e1n fines de semana largos, cuatro de ellos extra largos, es decir, de 4 d\u00edas. A trav\u00e9s del decreto 1027\/2024 \u2013que fija los d\u00edas no laborables con [&hellip;]<\/p>\n","protected":false},"author":2,"featured_media":13796,"comment_status":"open","ping_status":"open","sticky":false,"template":"","format":"standard","meta":{"footnotes":""},"categories":[4,34],"tags":[669],"_links":{"self":[{"href":"https:\/\/enlamira.info\/index.php\/wp-json\/wp\/v2\/posts\/13795"}],"collection":[{"href":"https:\/\/enlamira.info\/index.php\/wp-json\/wp\/v2\/posts"}],"about":[{"href":"https:\/\/enlamira.info\/index.php\/wp-json\/wp\/v2\/types\/post"}],"author":[{"embeddable":true,"href":"https:\/\/enlamira.info\/index.php\/wp-json\/wp\/v2\/users\/2"}],"replies":[{"embeddable":true,"href":"https:\/\/enlamira.info\/index.php\/wp-json\/wp\/v2\/comments?post=13795"}],"version-history":[{"count":1,"href":"https:\/\/enlamira.info\/index.php\/wp-json\/wp\/v2\/posts\/13795\/revisions"}],"predecessor-version":[{"id":13797,"href":"https:\/\/enlamira.info\/index.php\/wp-json\/wp\/v2\/posts\/13795\/revisions\/13797"}],"wp:featuredmedia":[{"embeddable":true,"href":"https:\/\/enlamira.info\/index.php\/wp-json\/wp\/v2\/media\/13796"}],"wp:attachment":[{"href":"https:\/\/enlamira.info\/index.php\/wp-json\/wp\/v2\/media?parent=13795"}],"wp:term":[{"taxonomy":"category","embeddable":true,"href":"https:\/\/enlamira.info\/index.php\/wp-json\/wp\/v2\/categories?post=13795"},{"taxonomy":"post_tag","embeddable":true,"href":"https:\/\/enlamira.info\/index.php\/wp-json\/wp\/v2\/tags?post=13795"}],"curies":[{"name":"wp","href":"https:\/\/api.w.org\/{rel}","templated":true}]}}