{"id":13780,"date":"2025-01-05T11:28:48","date_gmt":"2025-01-05T14:28:48","guid":{"rendered":"https:\/\/enlamira.info\/?p=13780"},"modified":"2025-01-05T11:28:48","modified_gmt":"2025-01-05T14:28:48","slug":"la-provincia-inauguro-paradores-recreo-en-miramar-y-villa-gesell","status":"publish","type":"post","link":"https:\/\/enlamira.info\/index.php\/2025\/01\/05\/la-provincia-inauguro-paradores-recreo-en-miramar-y-villa-gesell\/","title":{"rendered":"La Provincia inaugur\u00f3 paradores ReCreo en Miramar y Villa Gesell"},"content":{"rendered":"\n<p>El Ministerio de Producci\u00f3n, Ciencia e Innovaci\u00f3n Tecnol\u00f3gica de la PBA realiz\u00f3 este s\u00e1bado la inauguraci\u00f3n de los dos paradores ReCreo. Todos los jueves se presentar\u00e1n distintos municipios para promocionar la oferta de destinos tur\u00edsticos bonaerenses.<\/p>\n\n\n\n<p>Con presencia de la subsecretaria de Turismo provincial, Soledad Mart\u00ednez, y la secretaria general y de Gobierno de General Alvarado, Bel\u00e9n Battenti, ambos paradores ya quedaron a disposici\u00f3n de las y los turistas que eligen estas playas bonaerenses para disfrutar de sus vacaciones.<\/p>\n\n\n\n<p>El espacio que ya comenz\u00f3 a funcionar en Miramar se emplaza en avenida 12 entre avenida 9 y avenida del Durazno, mientras que el inaugurado en Villa Gesell est\u00e1 ubicado en 112 y Costanera. Ambos paradores estar\u00e1n abiertos todos los d\u00edas, de 10 a 20 hs, hasta el 4 de marzo.<\/p>\n\n\n\n<p>Al respecto, Soledad Mart\u00ednez sostuvo que \u201cestos espacios ofrecen de manera gratuita todos los beneficios que se pueden encontrar en un parador privado, sumando adem\u00e1s una serie de servicios p\u00fablicos muy importantes como la promoci\u00f3n y el cuidado de la salud\u201d. \u201cRecreo es una herramienta de promoci\u00f3n y difusi\u00f3n de la cultura y el turismo en los 135 municipios bonaerenses: en estos tiempos dif\u00edciles, fomentar el turismo interno es un eje fundamental de las pol\u00edticas de nuestro Gobierno\u201d, agreg\u00f3.&nbsp;<\/p>\n\n\n\n<p>Cada verano, miles de familias se divierten con la variada agenda de actividades que incluye clases de yoga y baile, talleres de arte para las infancias, juegos, sorteos, columpio acrob\u00e1tico, \u00e1reas deportivas con f\u00fatbol tenis, v\u00f3ley, tejo, b\u00e1squet, entre otras propuestas, adem\u00e1s de acceder a reposeras, sombrillas, puestos de hidrataci\u00f3n, sanitarios, agua caliente, silla anfibia y otros servicios, todos de manera gratuita.<\/p>\n\n\n\n<p>En cada parador todos los jueves se presentar\u00e1n distintos municipios para promocionar la oferta de destinos tur\u00edsticos bonaerenses, con bailes, charlas, juegos, sorteos y degustaciones.<\/p>\n\n\n\n<p>Por su parte, Battenti subray\u00f3: \u201cPara nuestro municipio es muy importante poder recibir a los turistas con una oferta de servicios y actividades recreativas en un lugar estrat\u00e9gico de la ciudad\u201d. \u201cEste parador va a permitir que muchos argentinos que todav\u00eda est\u00e1n pensando d\u00f3nde vacacionar elijan finalmente pasar el verano en Miramar\u201d, a\u00f1adi\u00f3<\/p>\n\n\n\n<p>ReCreo es una pol\u00edtica p\u00fablica impulsada por la provincia de Buenos Aires, que promueve el turismo, la cultura y acceso a distintos beneficios comerciales en los 135 municipios bonaerenses, incluyendo los destinos tradicionales y las nuevas propuestas tur\u00edsticas.<\/p>\n\n\n\n<p>La programaci\u00f3n de las actividades de los paradores, adem\u00e1s de toda la oferta tur\u00edstica de la Provincia y las diferentes agendas locales, est\u00e1n disponibles en la app Recreo, que se puede descargar desde las tiendas digitales y en recreo.gba.gob.ar\/descargar.<\/p>\n","protected":false},"excerpt":{"rendered":"<p>El Ministerio de Producci\u00f3n, Ciencia e Innovaci\u00f3n Tecnol\u00f3gica de la PBA realiz\u00f3 este s\u00e1bado la inauguraci\u00f3n de los dos paradores ReCreo. Todos los jueves se presentar\u00e1n distintos municipios para promocionar la oferta de destinos tur\u00edsticos bonaerenses. Con presencia de la subsecretaria de Turismo provincial, Soledad Mart\u00ednez, y la secretaria general y de Gobierno de General [&hellip;]<\/p>\n","protected":false},"author":2,"featured_media":13781,"comment_status":"open","ping_status":"open","sticky":false,"template":"","format":"standard","meta":{"footnotes":""},"categories":[5],"tags":[664],"_links":{"self":[{"href":"https:\/\/enlamira.info\/index.php\/wp-json\/wp\/v2\/posts\/13780"}],"collection":[{"href":"https:\/\/enlamira.info\/index.php\/wp-json\/wp\/v2\/posts"}],"about":[{"href":"https:\/\/enlamira.info\/index.php\/wp-json\/wp\/v2\/types\/post"}],"author":[{"embeddable":true,"href":"https:\/\/enlamira.info\/index.php\/wp-json\/wp\/v2\/users\/2"}],"replies":[{"embeddable":true,"href":"https:\/\/enlamira.info\/index.php\/wp-json\/wp\/v2\/comments?post=13780"}],"version-history":[{"count":1,"href":"https:\/\/enlamira.info\/index.php\/wp-json\/wp\/v2\/posts\/13780\/revisions"}],"predecessor-version":[{"id":13782,"href":"https:\/\/enlamira.info\/index.php\/wp-json\/wp\/v2\/posts\/13780\/revisions\/13782"}],"wp:featuredmedia":[{"embeddable":true,"href":"https:\/\/enlamira.info\/index.php\/wp-json\/wp\/v2\/media\/13781"}],"wp:attachment":[{"href":"https:\/\/enlamira.info\/index.php\/wp-json\/wp\/v2\/media?parent=13780"}],"wp:term":[{"taxonomy":"category","embeddable":true,"href":"https:\/\/enlamira.info\/index.php\/wp-json\/wp\/v2\/categories?post=13780"},{"taxonomy":"post_tag","embeddable":true,"href":"https:\/\/enlamira.info\/index.php\/wp-json\/wp\/v2\/tags?post=13780"}],"curies":[{"name":"wp","href":"https:\/\/api.w.org\/{rel}","templated":true}]}}