{"id":1378,"date":"2024-03-18T11:27:55","date_gmt":"2024-03-18T14:27:55","guid":{"rendered":"https:\/\/enlamira.info\/?p=1378"},"modified":"2024-03-18T12:01:35","modified_gmt":"2024-03-18T15:01:35","slug":"javier-milei-hablo-con-el-kun-aguero-y-ratifica-su-deseo-de-implementar-las-sad-la-calidad-del-espectaculo-va-a-ser-mejor","status":"publish","type":"post","link":"https:\/\/enlamira.info\/index.php\/2024\/03\/18\/javier-milei-hablo-con-el-kun-aguero-y-ratifica-su-deseo-de-implementar-las-sad-la-calidad-del-espectaculo-va-a-ser-mejor\/","title":{"rendered":"Javier Milei habl\u00f3 con el Kun Ag\u00fcero y ratifica su deseo de implementar las SAD: \u201cLa calidad del espect\u00e1culo va a ser mejor\u201d"},"content":{"rendered":"\n<p>El presidente, en dialogo con Radio Mitre AM 790, revelo detalles de su conversaci\u00f3n con el Kun Ag\u00fcero sobre las sociedades an\u00f3nimas deportivas<\/p>\n\n\n\n<p>Bien sabido que\u00a0uno de los m\u00e1s grandes deseos del presidente de la naci\u00f3n\u00a0Javier Milei\u00a0es poder llegar a implementar las Sociedades An\u00f3nimas Deportivas (SAD) en el f\u00fatbol argentino\u00a0e incluso lo lleg\u00f3 a poner en uno de sus art\u00edculos del DNU de leyes y bases, pero r\u00e1pidamente su deseo se vino pique abajo. Celebridades del f\u00fatbol, periodistas e incluso los mismos clubes, se pronunciaron en contra del reciente presidente electo. Adem\u00e1s,\u00a0la Justicia hizo una medida cautelar al respecto para que los clubes sigan siendo de sus socios. Sin embargo, al aprobarse en Diputados y ser rechazado en Senadores, el DNU rige al d\u00eda de hoy para los argentinos y las SAD contin\u00faan siendo un tema de agenda deportiva.<\/p>\n\n\n\n<p>A pesar del rechazo de la sociedad, cierta parte de la misma apoya la moci\u00f3n de la implementaci\u00f3n de que los clubes sean Sociedades An\u00f3nimas, uno de ellos es un reciente campe\u00f3n de Am\u00e9rica con la selecci\u00f3n argentina e \u00eddolo de Independiente,\u00a0Sergio Ag\u00fcero.<\/p>\n\n\n\n<p><em>\u201cHe tenido la dicha de poder hablar con Sergio \u201cEl Kun\u201d Ag\u00fcero. Le quiero destacar que tiene una inteligencia para nada convencional, tiene una profundidad anal\u00edtica sorprendente y entiende la naturaleza del planteo que nosotros hacemos\u201d<\/em>, asegur\u00f3 Milei\u00a0en di\u00e1logo con Radio Mitre AM790. Ratificando que la postura del Kun coincide con la del presidente.<\/p>\n\n\n\n<p>En el transcurso de la entrevista, Milei\u00a0explic\u00f3 que el desembarco de las SAD en nuestro f\u00fatbol no ser\u00eda obligatorio, si no como una opci\u00f3n m\u00e1s a la hora de gestionar un club:<em>\u00a0\u201cNosotros no estamos exigiendo que todos los clubes sean privados, lo que digo es que est\u00e9 la posibilidad de que si alguien quiera tener un club privado lo pueda tener\u201d.<\/em><\/p>\n\n\n\n<p>El argumento m\u00e1s firme y s\u00f3lido del presidente es la mejora del espect\u00e1culo a nivel deportivo:\u00a0<em>\u201cEl f\u00fatbol m\u00e1s all\u00e1 de las pasiones que despierta y todo y que a los argentinos nos encanta, no deja de ser un espect\u00e1culo, entonces ese criterio genera una situaci\u00f3n de que tiene que tener una contrapartida en t\u00e9rminos de beneficios. Cuanto m\u00e1s beneficio saca, la calidad del espect\u00e1culo va a ser mejor\u201d.<\/em><\/p>\n\n\n\n<p>Siguiendo la l\u00ednea del argumento anterior,\u00a0Javier Milei sostiene que las SAD les dar\u00eda a los clubes la posibilidad de ser competitivos a nivel econ\u00f3mico en el mundo, pudiendo retener jugadores ante la primera oferta que proviene del f\u00fatbol extranjero:\u00a0<em>\u201cArgentina con el empobrecimiento que ha tenido en los \u00faltimos 100 a\u00f1os, una de las cosas que ocurre es que los jugadores en su mejor etapa profesional se van al exterior, entonces queda los muy jovencitos o los que ya est\u00e1n en el final de su carrera y eso degrada la calidad de nuestra liga\u201d<\/em>. Y sobre el final agreg\u00f3:<em>\u00a0\u201cPuede ser atractivo cuando uno ve a nuestro equipo, pero a los equipos argentinos les cuesta mucho obtener resultados en el plano internacional. Si usted va a la intercontinental parece la lucha de David y cinco Goliat\u201d.<\/em><\/p>\n","protected":false},"excerpt":{"rendered":"<p>El presidente, en dialogo con Radio Mitre AM 790, revelo detalles de su conversaci\u00f3n con el Kun Ag\u00fcero sobre las sociedades an\u00f3nimas deportivas Bien sabido que\u00a0uno de los m\u00e1s grandes deseos del presidente de la naci\u00f3n\u00a0Javier Milei\u00a0es poder llegar a implementar las Sociedades An\u00f3nimas Deportivas (SAD) en el f\u00fatbol argentino\u00a0e incluso lo lleg\u00f3 a poner [&hellip;]<\/p>\n","protected":false},"author":2,"featured_media":1380,"comment_status":"open","ping_status":"open","sticky":false,"template":"","format":"standard","meta":{"footnotes":""},"categories":[14],"tags":[],"_links":{"self":[{"href":"https:\/\/enlamira.info\/index.php\/wp-json\/wp\/v2\/posts\/1378"}],"collection":[{"href":"https:\/\/enlamira.info\/index.php\/wp-json\/wp\/v2\/posts"}],"about":[{"href":"https:\/\/enlamira.info\/index.php\/wp-json\/wp\/v2\/types\/post"}],"author":[{"embeddable":true,"href":"https:\/\/enlamira.info\/index.php\/wp-json\/wp\/v2\/users\/2"}],"replies":[{"embeddable":true,"href":"https:\/\/enlamira.info\/index.php\/wp-json\/wp\/v2\/comments?post=1378"}],"version-history":[{"count":2,"href":"https:\/\/enlamira.info\/index.php\/wp-json\/wp\/v2\/posts\/1378\/revisions"}],"predecessor-version":[{"id":1381,"href":"https:\/\/enlamira.info\/index.php\/wp-json\/wp\/v2\/posts\/1378\/revisions\/1381"}],"wp:featuredmedia":[{"embeddable":true,"href":"https:\/\/enlamira.info\/index.php\/wp-json\/wp\/v2\/media\/1380"}],"wp:attachment":[{"href":"https:\/\/enlamira.info\/index.php\/wp-json\/wp\/v2\/media?parent=1378"}],"wp:term":[{"taxonomy":"category","embeddable":true,"href":"https:\/\/enlamira.info\/index.php\/wp-json\/wp\/v2\/categories?post=1378"},{"taxonomy":"post_tag","embeddable":true,"href":"https:\/\/enlamira.info\/index.php\/wp-json\/wp\/v2\/tags?post=1378"}],"curies":[{"name":"wp","href":"https:\/\/api.w.org\/{rel}","templated":true}]}}