{"id":13774,"date":"2025-01-04T11:59:40","date_gmt":"2025-01-04T14:59:40","guid":{"rendered":"https:\/\/enlamira.info\/?p=13774"},"modified":"2025-01-04T11:59:40","modified_gmt":"2025-01-04T14:59:40","slug":"el-mago-sin-dientes-arrasa-en-mar-del-plata-primer-show-de-la-temporada-con-lleno-total","status":"publish","type":"post","link":"https:\/\/enlamira.info\/index.php\/2025\/01\/04\/el-mago-sin-dientes-arrasa-en-mar-del-plata-primer-show-de-la-temporada-con-lleno-total\/","title":{"rendered":"&#8220;El Mago sin Dientes Arrasa en Mar del Plata: Primer Show de la Temporada con Lleno Total&#8221;"},"content":{"rendered":"\n<hr class=\"wp-block-separator has-alpha-channel-opacity\"\/>\n\n\n\n<p><\/p>\n\n\n\n<p><strong>Mar del Plata, Buenos Aires<\/strong> &#8211; Pablo Cabaleiro, conocido art\u00edsticamente como <strong>El Mago sin Dientes<\/strong>, ha conquistado los corazones de los argentinos con su particular estilo de magia y humor. Originario de Avellaneda, Cabaleiro ha logrado lo que muchos solo sue\u00f1an: convertirse en una figura medi\u00e1tica de renombre nacional.<\/p>\n\n\n\n<p>El apodo &#8220;El Mago sin Dientes&#8221; surgi\u00f3 de un episodio memorable en el programa de televisi\u00f3n &#8220;Pasi\u00f3n de S\u00e1bado&#8221;, donde el cantante Ricky Maravilla le arranc\u00f3 un diente a Cabaleiro durante una broma. En lugar de desanimarse, Cabaleiro decidi\u00f3 adoptar el apodo como su marca personal, lo que le vali\u00f3 una inesperada y masiva exposici\u00f3n medi\u00e1tica.<\/p>\n\n\n\n<p>Desde entonces, Cabaleiro ha participado en programas de televisi\u00f3n populares como <strong>Gran Hermano<\/strong> y <strong>Bailando por un Sue\u00f1o<\/strong>, consolidando su lugar en la far\u00e1ndula argentina. Su talento y carisma lo han llevado a recibir premios como la <strong>Gaviota de Oro<\/strong> y otros reconocimientos por sus exitosas temporadas en teatros y eventos privados.<\/p>\n\n\n\n<p>Actualmente, Cabaleiro se encuentra en plena temporada en Mar del Plata, con presentaciones en el <strong>Teatro Victoria<\/strong> a sala llena. Su carisma y la impresionante puesta en escena, que incluye la participaci\u00f3n de varios artistas talentosos, han sido clave para su \u00e9xito continuo. Sin duda, <strong>El Mago sin Dientes<\/strong> est\u00e1 destinado a tener otra temporada llena de \u00e9xitos.<\/p>\n","protected":false},"excerpt":{"rendered":"<p>Mar del Plata, Buenos Aires &#8211; Pablo Cabaleiro, conocido art\u00edsticamente como El Mago sin Dientes, ha conquistado los corazones de los argentinos con su particular estilo de magia y humor. Originario de Avellaneda, Cabaleiro ha logrado lo que muchos solo sue\u00f1an: convertirse en una figura medi\u00e1tica de renombre nacional. El apodo &#8220;El Mago sin Dientes&#8221; [&hellip;]<\/p>\n","protected":false},"author":2,"featured_media":13775,"comment_status":"open","ping_status":"open","sticky":false,"template":"","format":"standard","meta":{"footnotes":""},"categories":[15,5],"tags":[662],"_links":{"self":[{"href":"https:\/\/enlamira.info\/index.php\/wp-json\/wp\/v2\/posts\/13774"}],"collection":[{"href":"https:\/\/enlamira.info\/index.php\/wp-json\/wp\/v2\/posts"}],"about":[{"href":"https:\/\/enlamira.info\/index.php\/wp-json\/wp\/v2\/types\/post"}],"author":[{"embeddable":true,"href":"https:\/\/enlamira.info\/index.php\/wp-json\/wp\/v2\/users\/2"}],"replies":[{"embeddable":true,"href":"https:\/\/enlamira.info\/index.php\/wp-json\/wp\/v2\/comments?post=13774"}],"version-history":[{"count":1,"href":"https:\/\/enlamira.info\/index.php\/wp-json\/wp\/v2\/posts\/13774\/revisions"}],"predecessor-version":[{"id":13776,"href":"https:\/\/enlamira.info\/index.php\/wp-json\/wp\/v2\/posts\/13774\/revisions\/13776"}],"wp:featuredmedia":[{"embeddable":true,"href":"https:\/\/enlamira.info\/index.php\/wp-json\/wp\/v2\/media\/13775"}],"wp:attachment":[{"href":"https:\/\/enlamira.info\/index.php\/wp-json\/wp\/v2\/media?parent=13774"}],"wp:term":[{"taxonomy":"category","embeddable":true,"href":"https:\/\/enlamira.info\/index.php\/wp-json\/wp\/v2\/categories?post=13774"},{"taxonomy":"post_tag","embeddable":true,"href":"https:\/\/enlamira.info\/index.php\/wp-json\/wp\/v2\/tags?post=13774"}],"curies":[{"name":"wp","href":"https:\/\/api.w.org\/{rel}","templated":true}]}}