{"id":1373,"date":"2024-03-18T11:26:31","date_gmt":"2024-03-18T14:26:31","guid":{"rendered":"https:\/\/enlamira.info\/?p=1373"},"modified":"2024-03-18T12:03:09","modified_gmt":"2024-03-18T15:03:09","slug":"river-acordo-un-blindaje-historico-con-franco-mastantuono-la-clausula-record-que-tendra","status":"publish","type":"post","link":"https:\/\/enlamira.info\/index.php\/2024\/03\/18\/river-acordo-un-blindaje-historico-con-franco-mastantuono-la-clausula-record-que-tendra\/","title":{"rendered":"River acord\u00f3 un blindaje hist\u00f3rico con Franco Mastantuono: la cl\u00e1usula r\u00e9cord que tendr\u00e1"},"content":{"rendered":"\n<p>Se filtr\u00f3 la informaci\u00f3n de que est\u00e1 todo acordado para que el mediocampista ofensivo estire su v\u00ednculo hasta el 2026.<\/p>\n\n\n\n<p>Sali\u00f3 a la luz una noticia que celebra todo River. C\u00e9sar Luis Merlo fue el periodista que confirm\u00f3 que Franco Mastantuono, una de joyas del club y el f\u00fatbol argentino, renovar\u00e1 su v\u00ednculo con una cl\u00e1usula in\u00e9dita y realmente millonaria.<\/p>\n\n\n\n<p>Los dirigentes lograron un acuerdo en las \u00faltimas horas para finalmente renovar el contrato de la joya y aumentar su cl\u00e1usula de rescisi\u00f3n. El nuevo v\u00ednculo ser\u00e1 hasta diciembre de 2025 y&nbsp;pasar\u00e1 a tener la cl\u00e1usula m\u00e1s alta en la historia de River.&nbsp;La misma ser\u00e1 de 45 millones de euros que aumentar\u00e1 a&nbsp;50 millones&nbsp;a diez d\u00edas para el cierre del mercado.&nbsp;Actualmente, la cl\u00e1usula m\u00e1s alta es de Rodrigo Villagra: 40 millones.<\/p>\n\n\n\n<p>El joven oriundo de Azul&nbsp;lleg\u00f3 a River en 2019 y sell\u00f3 su primer contrato el 22 de agosto del a\u00f1o anterior, justo despu\u00e9s de haber cumplido los 16 a\u00f1os, mientras a\u00fan brillaba en la s\u00e9ptima divisi\u00f3n. En aquel momento,&nbsp;su contrato era hasta diciembre de 2025, aunque se extender\u00e1 por un a\u00f1o m\u00e1s. Adem\u00e1s, su contrato inclu\u00eda una cl\u00e1usula de rescisi\u00f3n de 30 millones de euros.<\/p>\n\n\n\n<p>A pesar de no haber tenido minutos en el partido contra Estudiantes en la Supercopa Argentina,&nbsp;desde principios del a\u00f1o forma parte del plantel profesional que conduce Mart\u00edn Demichelis y se transform\u00f3 en el primer futbolista en dar una vuelta ol\u00edmpica a tan corta edad, con sus 16 a\u00f1os y 212 d\u00edas.<\/p>\n","protected":false},"excerpt":{"rendered":"<p>Se filtr\u00f3 la informaci\u00f3n de que est\u00e1 todo acordado para que el mediocampista ofensivo estire su v\u00ednculo hasta el 2026. Sali\u00f3 a la luz una noticia que celebra todo River. C\u00e9sar Luis Merlo fue el periodista que confirm\u00f3 que Franco Mastantuono, una de joyas del club y el f\u00fatbol argentino, renovar\u00e1 su v\u00ednculo con una [&hellip;]<\/p>\n","protected":false},"author":2,"featured_media":1375,"comment_status":"open","ping_status":"open","sticky":false,"template":"","format":"standard","meta":{"footnotes":""},"categories":[14],"tags":[],"_links":{"self":[{"href":"https:\/\/enlamira.info\/index.php\/wp-json\/wp\/v2\/posts\/1373"}],"collection":[{"href":"https:\/\/enlamira.info\/index.php\/wp-json\/wp\/v2\/posts"}],"about":[{"href":"https:\/\/enlamira.info\/index.php\/wp-json\/wp\/v2\/types\/post"}],"author":[{"embeddable":true,"href":"https:\/\/enlamira.info\/index.php\/wp-json\/wp\/v2\/users\/2"}],"replies":[{"embeddable":true,"href":"https:\/\/enlamira.info\/index.php\/wp-json\/wp\/v2\/comments?post=1373"}],"version-history":[{"count":3,"href":"https:\/\/enlamira.info\/index.php\/wp-json\/wp\/v2\/posts\/1373\/revisions"}],"predecessor-version":[{"id":1443,"href":"https:\/\/enlamira.info\/index.php\/wp-json\/wp\/v2\/posts\/1373\/revisions\/1443"}],"wp:featuredmedia":[{"embeddable":true,"href":"https:\/\/enlamira.info\/index.php\/wp-json\/wp\/v2\/media\/1375"}],"wp:attachment":[{"href":"https:\/\/enlamira.info\/index.php\/wp-json\/wp\/v2\/media?parent=1373"}],"wp:term":[{"taxonomy":"category","embeddable":true,"href":"https:\/\/enlamira.info\/index.php\/wp-json\/wp\/v2\/categories?post=1373"},{"taxonomy":"post_tag","embeddable":true,"href":"https:\/\/enlamira.info\/index.php\/wp-json\/wp\/v2\/tags?post=1373"}],"curies":[{"name":"wp","href":"https:\/\/api.w.org\/{rel}","templated":true}]}}